{"id":57476,"date":"2023-07-12T11:30:00","date_gmt":"2023-07-12T16:30:00","guid":{"rendered":"http:\/\/www.zonaroja.com.mx\/?p=57476"},"modified":"2023-07-12T08:13:57","modified_gmt":"2023-07-12T13:13:57","slug":"sentencia-a-25-anos-de-prision-a-sujeto-que-violo-a-un-nino-en-oaxaca","status":"publish","type":"post","link":"https:\/\/zonaroja.com.mx\/?p=57476","title":{"rendered":"Sentencia a 25 a\u00f1os de prisi\u00f3n a sujeto que viol\u00f3 a un ni\u00f1o en Oaxaca"},"content":{"rendered":"\n<p>Redacci\u00f3n\/Zona Roja.&nbsp;<\/p>\n\n\n\n<p>Oaxaca de Ju\u00e1rez, Oax., a 12 de julio de 2023.-&nbsp; Procurar justicia para ni\u00f1as, ni\u00f1os y adolescentes v\u00edctimas de violencia sexual es una prioridad para la Fiscal\u00eda General del Estado de Oaxaca (FGEO), instancia que, luego de realizar labores de investigaci\u00f3n, obtuvo una sentencia superior a los 25 a\u00f1os de prisi\u00f3n en contra de T. M. F., responsable de la comisi\u00f3n del delito de Violaci\u00f3n Equiparada, en agravio de un ni\u00f1o.<\/p>\n\n\n\n<p>Como consta en el expediente penal, los hechos ocurrieron el 5 de febrero del a\u00f1o 2020, cuando el agresor llev\u00f3 a la v\u00edctima (un ni\u00f1o de 10 a\u00f1os de edad en ese momento) a una casa ubicada en el municipio de Acatl\u00e1n de P\u00e9rez Figueroa, en la regi\u00f3n de la Cuenca del Papaloapan.<\/p>\n\n\n\n<p>En el lugar, T. M. F. viol\u00f3 a la v\u00edctima, por lo cual se inici\u00f3 una carpeta de investigaci\u00f3n y el caso qued\u00f3 a cargo de la Vicefiscal\u00eda Regional de la Cuenca, que ejecut\u00f3 una orden de aprehensi\u00f3n al imputado para presentarlo ante las autoridades correspondientes.<\/p>\n\n\n\n<p>Ante el trabajo efectuado por la FGEO, se presentaron pruebas ante el Juez que atiende la causa quien, luego de evaluarlas, dict\u00f3 sentencia condenatoria de 25 a\u00f1os y seis meses de prisi\u00f3n en contra de T. M. F., adem\u00e1s de imponer una multa y el pago por la reparaci\u00f3n del da\u00f1o.<\/p>\n\n\n\n<p>La Fiscal\u00eda de Oaxaca brinda acompa\u00f1amiento integral con un equipo multidisciplinario para las v\u00edctimas de alg\u00fan tipo de delito sexual, como parte del proceso de procuraci\u00f3n de justicia a cargo de la instituci\u00f3n.<\/p>\n\n\n\n<p>VINCULADO A PROCESO<\/p>\n\n\n\n<p>Por otra parte, la Fiscal\u00eda General obtuvo auto de vinculaci\u00f3n a proceso en contra de una persona del sexo masculino identificada como L. H. G., por el delito Contra la Salud en su Modalidad de Narcomenudeo, cometido en la regi\u00f3n de la Costa.<\/p>\n\n\n\n<p>De acuerdo con el expediente del caso, el 8 de julio de 2023, una patrulla de la Polic\u00eda Estatal de la Secretar\u00eda de Seguridad Protecci\u00f3n Ciudadana (SSPC) realizaba rondines de disuasi\u00f3n y vigilancia sobre la carretera local que conduce del municipio de Pinotepa de Don Luis a San Juan Colorado, cuando observaron a una persona del sexo masculino a quien solicitaron hacer una revisi\u00f3n de rutina.<\/p>\n\n\n\n<p>Al realizar la inspecci\u00f3n, los elementos de la polic\u00eda localizaron entre sus pertenencias, un paquete que conten\u00eda hierba seca con las caracter\u00edsticas propias de la mariguana, por lo que la persona qued\u00f3 detenida y puesta a disposici\u00f3n del Ministerio P\u00fablico.<\/p>\n\n\n\n<p>La FGEO inici\u00f3 la investigaci\u00f3n correspondiente a trav\u00e9s de la Vicefiscal\u00eda Regional de la Costa, que llev\u00f3 al imputado ante el Juez, a quien dict\u00f3 auto de vinculaci\u00f3n a proceso por el delito de Contra la Salud en su Modalidad de Narcomenudeo.<\/p>\n\n\n\n<p>DETENIDO EN LA MIXTECA<\/p>\n\n\n\n<p>En otro caso, en prisi\u00f3n preventiva qued\u00f3 R. A. M. R., luego de ser detenido al ejecutarse una orden de aprehensi\u00f3n como resultado de las investigaciones encabezadas por la Fiscal\u00eda General del Estado de Oaxaca (FGEO) por la comisi\u00f3n de los delitos de Equiparado a la Violaci\u00f3n y Corrupci\u00f3n de Menores, cometidos en la regi\u00f3n la Mixteca.<\/p>\n\n\n\n<p>De acuerdo con el expediente penal del caso, los hechos sucedieron en varias ocasiones entre marzo de 2020 y julio de 2021, cuando la v\u00edctima (una adolescente) sufri\u00f3 las agresiones sexuales en diferentes lugares del municipio de San Miguel Tecomatl\u00e1n, perteneciente al distrito de Nochixtl\u00e1n.<\/p>\n\n\n\n<p>Adem\u00e1s, en ese mismo periodo, el agresor pidi\u00f3 a la v\u00edctima que le enviara fotograf\u00edas \u00edntimas de ella a trav\u00e9s de dispositivos digitales, lo cual constituye el delito de corrupci\u00f3n de menores.<\/p>\n\n\n\n<p>Tras recibir la denuncia por los hechos, la Fiscal\u00eda inici\u00f3 una carpeta de investigaci\u00f3n a trav\u00e9s de la Vicefiscal\u00eda Regional de la Mixteca, que obtuvo los elementos suficientes para obtener una orden de aprehensi\u00f3n que permiti\u00f3 la detenci\u00f3n de R. A. M. R., que qued\u00f3 a disposici\u00f3n del el Juez quien calific\u00f3 como legal la detenci\u00f3n e impuso prisi\u00f3n preventiva y se solicit\u00f3 la vinculaci\u00f3n a proceso.<\/p>\n\n\n\n<p>En delitos sexuales cometidos contra mujeres, la Fiscal\u00eda de Oaxaca realiza investigaciones con perspectiva de g\u00e9nero, adem\u00e1s que prioriza las labores al tratarse de menores de edad para que las v\u00edctimas tengan pleno acceso a la justicia.<\/p>\n","protected":false},"excerpt":{"rendered":"<p>Redacci\u00f3n\/Zona Roja.&nbsp; Oaxaca de Ju\u00e1rez, Oax., a 12 de julio de 2023.-&nbsp; Procurar justicia para&hellip;<\/p>\n","protected":false},"author":2,"featured_media":48536,"comment_status":"closed","ping_status":"open","sticky":false,"template":"","format":"standard","meta":{"_lmt_disableupdate":"","_lmt_disable":"","_jetpack_memberships_contains_paid_content":false,"footnotes":""},"categories":[109,46],"tags":[494],"class_list":["post-57476","post","type-post","status-publish","format-standard","has-post-thumbnail","hentry","category-minuto-a-minuto","category-zona-blanca","tag-fiscalia-general-del-estado-de-oaxaca"],"jetpack_featured_media_url":"https:\/\/zonaroja.com.mx\/wp-content\/uploads\/2022\/11\/Carcel-prision-separos-detenido-1.jpeg","jetpack_sharing_enabled":true,"_links":{"self":[{"href":"https:\/\/zonaroja.com.mx\/index.php?rest_route=\/wp\/v2\/posts\/57476","targetHints":{"allow":["GET"]}}],"collection":[{"href":"https:\/\/zonaroja.com.mx\/index.php?rest_route=\/wp\/v2\/posts"}],"about":[{"href":"https:\/\/zonaroja.com.mx\/index.php?rest_route=\/wp\/v2\/types\/post"}],"author":[{"embeddable":true,"href":"https:\/\/zonaroja.com.mx\/index.php?rest_route=\/wp\/v2\/users\/2"}],"replies":[{"embeddable":true,"href":"https:\/\/zonaroja.com.mx\/index.php?rest_route=%2Fwp%2Fv2%2Fcomments&post=57476"}],"version-history":[{"count":1,"href":"https:\/\/zonaroja.com.mx\/index.php?rest_route=\/wp\/v2\/posts\/57476\/revisions"}],"predecessor-version":[{"id":57477,"href":"https:\/\/zonaroja.com.mx\/index.php?rest_route=\/wp\/v2\/posts\/57476\/revisions\/57477"}],"wp:featuredmedia":[{"embeddable":true,"href":"https:\/\/zonaroja.com.mx\/index.php?rest_route=\/wp\/v2\/media\/48536"}],"wp:attachment":[{"href":"https:\/\/zonaroja.com.mx\/index.php?rest_route=%2Fwp%2Fv2%2Fmedia&parent=57476"}],"wp:term":[{"taxonomy":"category","embeddable":true,"href":"https:\/\/zonaroja.com.mx\/index.php?rest_route=%2Fwp%2Fv2%2Fcategories&post=57476"},{"taxonomy":"post_tag","embeddable":true,"href":"https:\/\/zonaroja.com.mx\/index.php?rest_route=%2Fwp%2Fv2%2Ftags&post=57476"}],"curies":[{"name":"wp","href":"https:\/\/api.w.org\/{rel}","templated":true}]}}