{"id":57483,"date":"2023-07-12T15:42:46","date_gmt":"2023-07-12T20:42:46","guid":{"rendered":"http:\/\/www.zonaroja.com.mx\/?p=57483"},"modified":"2023-07-12T21:17:56","modified_gmt":"2023-07-13T02:17:56","slug":"llenan-de-basura-palacio-municipal-calles-y-casa-del-edil-de-zaachila-por-omision-a-crisis-de-residuos","status":"publish","type":"post","link":"https:\/\/zonaroja.com.mx\/?p=57483","title":{"rendered":"Llenan de basura palacio municipal, calles y casa del edil de Zaachila, por omisi\u00f3n a crisis de residuos"},"content":{"rendered":"\n<p>Yuridiana Sosa\/Zona Roja.<\/p>\n\n\n\n<p>Oaxaca de Ju\u00e1rez, Oax., a 12 de julio de 2023.- Con el dep\u00f3sito de montones de basura en el Palacio Municipal, principales calles del municipio de Villa de Zaachila y en casa del edil, la ciudadan\u00eda se rebel\u00f3 contra el presidente municipal Rigoberto Chac\u00f3n P\u00e9rez por su omisi\u00f3n en la soluci\u00f3n del problema de la basura.<\/p>\n\n\n\n<p>Desde las primeras horas&nbsp;de la ma\u00f1ana&nbsp;la poblaci\u00f3n acudi\u00f3 a la convocatoria del Consejo Ciudadano para exigir por medio de la protesta una inmediata atenci\u00f3n a la crisis sanitaria que ya ha causado brotes de enfermedades gastrointestinales y dengue en la comunidad.<\/p>\n\n\n\n<p>Para tratar de intimidar a los inconformes, el presidente emanado de Morena orden\u00f3 la presencia de elementos de la Polic\u00eda Estatal en calles que rodean el Palacio Municipal.<\/p>\n\n\n\n<p>Integrantes del Consejo Ciudadano apuntaron que luego de un mes sin el servicio de recolecci\u00f3n de basura, Chac\u00f3n P\u00e9rez reactiv\u00f3 dicho servicio durante esta madrugada para evitar la protesta en su contra.<\/p>\n\n\n\n<p>LA PROTESTA<\/p>\n\n\n\n<p>Sin embargo, el esfuerzo del edil fue \u00fatil, pues cientos de habitantes llegaron en mototaxis, triciclos o a pie, hasta la zona de gradas, en inmediaciones del Palacio Municipal en la calle Vicente Guerrero, para dejar su basura, form\u00e1ndose de manera inmediata un tiradero.<\/p>\n\n\n\n<p>Otros m\u00e1s, enojados por la incapacidad del presidente, arrojaron sus bolsas de basura en el corredor del Palacio Municipal, el cual tambi\u00e9n fue \u201ctomado\u201d por la ciudadan\u00eda.<\/p>\n\n\n\n<p>M\u00e1s tarde, apoyados de un cami\u00f3n tipo volteo, toneladas de basura fueron arrojadas a la puerta de la casa del presidente municipal, quien ha mostrado mayor preocupaci\u00f3n por la organizaci\u00f3n de actividades para la festividad de la Guelaguetza, que en solucionar la problem\u00e1tica&nbsp;en su municipio, lo cual enardece&nbsp;el \u00e1nimo de la poblaci\u00f3n.<\/p>\n\n\n\n<p>Incluso, se muestra despreocupado ante el tema y prefiere asistir a los convites a la capital del estado.&nbsp;<\/p>\n\n\n\n<p>EN ESCALA<\/p>\n\n\n\n<p>Esta es la segunda ocasi\u00f3n que la poblaci\u00f3n activa este tipo de protestas, la primera se registr\u00f3 en octubre de 2022 luego del cierre definitivo ese mismo mes del relleno sanitario ubicado en ese municipio.<\/p>\n\n\n\n<p>El Consejo Ciudadano inform\u00f3 que desde hace varias veces han buscado un acercamiento con la autoridad municipal con la intenci\u00f3n de propuestas concretas para la soluci\u00f3n de la problem\u00e1tica del tratamiento de residuos s\u00f3lidos, pero el edil se ha negado al di\u00e1logo.<\/p>\n\n\n\n<p>A casi un a\u00f1o del cierre, ahora los ciudadanos exigen que el edil muestre su plan de trabajo para la recolecci\u00f3n y tratamiento de residuos s\u00f3lidos, y la inversi\u00f3n que se realiza.<\/p>\n\n\n\n<p>Destacaron que al ser el propio Rigoberto Chac\u00f3n el que propuso y ejecut\u00f3 el cierre del basurero ubicado al oriente del municipio, es oportuno que ya tenga un proyecto de soluci\u00f3n.<\/p>\n\n\n\n<p>La poblaci\u00f3n advirti\u00f3 que de no contar con atenci\u00f3n a su demanda las acciones de protesta ser\u00e1n contundentes, entre ellas el boicot a la Guelaguetza local, mismas que la asamblea general decidir\u00e1. <\/p>\n\n\n\n<p>El descontento de la comunidad tambi\u00e9n es por el grave problema en materia de seguridad, al que se a\u00f1ade el paro de labores de la Polic\u00eda Municipal, por lo que la percepci\u00f3n de la ingobernabilidad cada vez aumenta m\u00e1s, indic\u00f3 el Consejo Ciudadano.<\/p>\n","protected":false},"excerpt":{"rendered":"<p>Yuridiana Sosa\/Zona Roja. Oaxaca de Ju\u00e1rez, Oax., a 12 de julio de 2023.- Con el&hellip;<\/p>\n","protected":false},"author":2,"featured_media":57485,"comment_status":"closed","ping_status":"open","sticky":false,"template":"","format":"standard","meta":{"_lmt_disableupdate":"","_lmt_disable":"","_jetpack_memberships_contains_paid_content":false,"footnotes":""},"categories":[1,47],"tags":[155],"class_list":["post-57483","post","type-post","status-publish","format-standard","has-post-thumbnail","hentry","category-sin-categoria","category-zona-gris","tag-villa-de-zaachila"],"jetpack_featured_media_url":"https:\/\/zonaroja.com.mx\/wp-content\/uploads\/2023\/07\/Basura-edil-Zaachila-palacio-y-casa-Rigoberto-Chacon.jpg","jetpack_sharing_enabled":true,"_links":{"self":[{"href":"https:\/\/zonaroja.com.mx\/index.php?rest_route=\/wp\/v2\/posts\/57483","targetHints":{"allow":["GET"]}}],"collection":[{"href":"https:\/\/zonaroja.com.mx\/index.php?rest_route=\/wp\/v2\/posts"}],"about":[{"href":"https:\/\/zonaroja.com.mx\/index.php?rest_route=\/wp\/v2\/types\/post"}],"author":[{"embeddable":true,"href":"https:\/\/zonaroja.com.mx\/index.php?rest_route=\/wp\/v2\/users\/2"}],"replies":[{"embeddable":true,"href":"https:\/\/zonaroja.com.mx\/index.php?rest_route=%2Fwp%2Fv2%2Fcomments&post=57483"}],"version-history":[{"count":1,"href":"https:\/\/zonaroja.com.mx\/index.php?rest_route=\/wp\/v2\/posts\/57483\/revisions"}],"predecessor-version":[{"id":57484,"href":"https:\/\/zonaroja.com.mx\/index.php?rest_route=\/wp\/v2\/posts\/57483\/revisions\/57484"}],"wp:featuredmedia":[{"embeddable":true,"href":"https:\/\/zonaroja.com.mx\/index.php?rest_route=\/wp\/v2\/media\/57485"}],"wp:attachment":[{"href":"https:\/\/zonaroja.com.mx\/index.php?rest_route=%2Fwp%2Fv2%2Fmedia&parent=57483"}],"wp:term":[{"taxonomy":"category","embeddable":true,"href":"https:\/\/zonaroja.com.mx\/index.php?rest_route=%2Fwp%2Fv2%2Fcategories&post=57483"},{"taxonomy":"post_tag","embeddable":true,"href":"https:\/\/zonaroja.com.mx\/index.php?rest_route=%2Fwp%2Fv2%2Ftags&post=57483"}],"curies":[{"name":"wp","href":"https:\/\/api.w.org\/{rel}","templated":true}]}}