{"id":57489,"date":"2023-07-12T20:12:49","date_gmt":"2023-07-13T01:12:49","guid":{"rendered":"http:\/\/www.zonaroja.com.mx\/?p=57489"},"modified":"2023-07-12T20:12:50","modified_gmt":"2023-07-13T01:12:50","slug":"acusa-el-maco-que-la-secretaria-de-cultura-niega-devolucion-de-obras-valuadas-en-7-mdp","status":"publish","type":"post","link":"https:\/\/zonaroja.com.mx\/?p=57489","title":{"rendered":"Acusa el MACO que la Secretar\u00eda de Cultura niega devoluci\u00f3n de obras valuadas en 7 mdp"},"content":{"rendered":"\n<p>Yuridiana Sosa\/Zona Roja.<\/p>\n\n\n\n<p>Oaxaca de Ju\u00e1rez, Oax., a 12 de julio de 2023.- La asociaci\u00f3n civil Amigos del MACO denunci\u00f3 que el gobierno de Oaxaca se niega a la devoluci\u00f3n de obras de tres artistas, valuadas en siete millones de pesos, que ser\u00eda parte de una exposici\u00f3n a inicios de este mes, por lo que insistieron en un di\u00e1logo directo con el gobernador Salom\u00f3n Jara Cruz.<\/p>\n\n\n\n<p>A trav\u00e9s de la cuenta \u201cMaco Oaxaca Oficial\u201d en redes sociales, se dio a conocer que por instrucciones de V\u00edctor Manuel V\u00e1zquez Castillejos -V\u00edctor Cata- titular de la Secretar\u00eda de las Culturas y Artes de Oaxaca, en atenci\u00f3n a la solicitud del 30 de junio, la autoridad se declar\u00f3 \u201cimposibilitada\u201d para atender favorablemente lo solicitado.<\/p>\n\n\n\n<p>La petici\u00f3n est\u00e1 relacionada a la salvaguarda y devoluci\u00f3n de 40 obras, las cuales calificaron como \u201cretenidas\u201d tras la recuperaci\u00f3n de la rector\u00eda del inmueble del Museo de Arte Contempor\u00e1nea de Oaxaca por parte del Gobierno del Estado el pasado 28 de junio.<\/p>\n\n\n\n<p>\u201c\u00bfPor qu\u00e9 retener 40 obras?\u201d, cuestion\u00f3 el grupo que a\u00fan se identifica bajo la cuenta del MACO.<\/p>\n\n\n\n<p>Las obras est\u00e1n valuadas en siete millones de pesos, propiedad de las artistas artistas Tania Bello, Susana Wald, Patricia Belli y proyector de Kadist Art Fundation, detallaron.<\/p>\n\n\n\n<p>En la denuncia de \u201cMACO Oaxaca Oficial\u201d exigen la recuperaci\u00f3n inmediata de las piezas, pues temen del deterioro o p\u00e9rdida de las mismas, adem\u00e1s, del \u201cuso indebido que puedan tener para efectos de exposici\u00f3n sin autorizaci\u00f3n de las artistas, \u00fanicas propietarias de las obras\u201d.<\/p>\n\n\n\n<p>Ante esta situaci\u00f3n, se\u00f1alaron como responsables al Consejero Jur\u00eddico de Oaxaca, Geovany V\u00e1squez Sagrero, de cualquier decisi\u00f3n equivocada uso indebido, da\u00f1o o p\u00e9rdida de las obras citadas, al tiempo que solicitaron la intervenci\u00f3n del mandatario estatal.<\/p>\n","protected":false},"excerpt":{"rendered":"<p>Yuridiana Sosa\/Zona Roja. Oaxaca de Ju\u00e1rez, Oax., a 12 de julio de 2023.- La asociaci\u00f3n&hellip;<\/p>\n","protected":false},"author":2,"featured_media":57488,"comment_status":"closed","ping_status":"open","sticky":false,"template":"","format":"standard","meta":{"_lmt_disableupdate":"","_lmt_disable":"","_jetpack_memberships_contains_paid_content":false,"footnotes":""},"categories":[109],"tags":[2298],"class_list":["post-57489","post","type-post","status-publish","format-standard","has-post-thumbnail","hentry","category-minuto-a-minuto","tag-museo-de-arte-contemporaneo-de-oaxaca-maco"],"jetpack_featured_media_url":"https:\/\/zonaroja.com.mx\/wp-content\/uploads\/2023\/07\/Victor-Cata-Seculta-y-obras-MACO.jpg","jetpack_sharing_enabled":true,"_links":{"self":[{"href":"https:\/\/zonaroja.com.mx\/index.php?rest_route=\/wp\/v2\/posts\/57489","targetHints":{"allow":["GET"]}}],"collection":[{"href":"https:\/\/zonaroja.com.mx\/index.php?rest_route=\/wp\/v2\/posts"}],"about":[{"href":"https:\/\/zonaroja.com.mx\/index.php?rest_route=\/wp\/v2\/types\/post"}],"author":[{"embeddable":true,"href":"https:\/\/zonaroja.com.mx\/index.php?rest_route=\/wp\/v2\/users\/2"}],"replies":[{"embeddable":true,"href":"https:\/\/zonaroja.com.mx\/index.php?rest_route=%2Fwp%2Fv2%2Fcomments&post=57489"}],"version-history":[{"count":1,"href":"https:\/\/zonaroja.com.mx\/index.php?rest_route=\/wp\/v2\/posts\/57489\/revisions"}],"predecessor-version":[{"id":57490,"href":"https:\/\/zonaroja.com.mx\/index.php?rest_route=\/wp\/v2\/posts\/57489\/revisions\/57490"}],"wp:featuredmedia":[{"embeddable":true,"href":"https:\/\/zonaroja.com.mx\/index.php?rest_route=\/wp\/v2\/media\/57488"}],"wp:attachment":[{"href":"https:\/\/zonaroja.com.mx\/index.php?rest_route=%2Fwp%2Fv2%2Fmedia&parent=57489"}],"wp:term":[{"taxonomy":"category","embeddable":true,"href":"https:\/\/zonaroja.com.mx\/index.php?rest_route=%2Fwp%2Fv2%2Fcategories&post=57489"},{"taxonomy":"post_tag","embeddable":true,"href":"https:\/\/zonaroja.com.mx\/index.php?rest_route=%2Fwp%2Fv2%2Ftags&post=57489"}],"curies":[{"name":"wp","href":"https:\/\/api.w.org\/{rel}","templated":true}]}}