{"id":57491,"date":"2023-07-12T21:16:52","date_gmt":"2023-07-13T02:16:52","guid":{"rendered":"http:\/\/www.zonaroja.com.mx\/?p=57491"},"modified":"2023-07-12T21:16:54","modified_gmt":"2023-07-13T02:16:54","slug":"matan-a-balazos-a-una-indigena-triqui-en-la-mixteca-de-oaxaca","status":"publish","type":"post","link":"https:\/\/zonaroja.com.mx\/?p=57491","title":{"rendered":"Matan a balazos a una ind\u00edgena triqui en la Mixteca de Oaxaca"},"content":{"rendered":"\n<p>Redacci\u00f3n\/Zona Roja.<\/p>\n\n\n\n<p>Oaxaca de Ju\u00e1rez, Oax.,a 12 de julio de 2023.- En el d\u00eda que el gobierno de Oaxaca da su conferencia de seguridad, una mujer fue asesinada a balazos en la regi\u00f3n Mixteca, mientras que en la capital otra femenina perdi\u00f3 la vida, a\u00fan por causas desconocidas.<\/p>\n\n\n\n<p>La v\u00edctima fue localizada en un camino de terracer\u00eda, privada de la calle Venus, agencia Rancho Solano del municipio de Huajuapan de Le\u00f3n y fue identificada de manera preliminar como Cornelia R. L., de aproximadamente 25 a\u00f1os de edad.<\/p>\n\n\n\n<p>De manera preliminar se ha dado a conocer que presenta impactos de arma de fuego en el cuerpo; vest\u00eda una sudadera color amarillo y un pantal\u00f3n deportivo color rosa; a\u00fan se desconoce el m\u00f3vil del crimen, al igual que el o los agresores.<\/p>\n\n\n\n<p>Por otra parte, alrededor del mediod\u00eda de hoy, en la unidad deportiva de la Universidad Aut\u00f3noma \u201cBenito Ju\u00e1rez\u201d de Oaxaca (UABJO) fue localizado el cuerpo sin vida de una femenina.<\/p>\n\n\n\n<p>A\u00fan se desconocen las causas por las cuales falleci\u00f3 y pese a que las \u00e1reas de Ciudad Universitaria son custodiadas por personal de la Polic\u00eda Auxiliar, Bancaria, Industrial y de Servicios (PABIC), ning\u00fan elemento se dio cuenta del hecho.<\/p>\n\n\n\n<p>En ambos casos, personal de la Fiscal\u00eda General del Estado de Oaxaca inici\u00f3 las investigaciones respectivas, bajo los protocolos de feminicidio.<\/p>\n","protected":false},"excerpt":{"rendered":"<p>Redacci\u00f3n\/Zona Roja. Oaxaca de Ju\u00e1rez, Oax.,a 12 de julio de 2023.- En el d\u00eda que&hellip;<\/p>\n","protected":false},"author":2,"featured_media":57492,"comment_status":"closed","ping_status":"open","sticky":false,"template":"","format":"standard","meta":{"_lmt_disableupdate":"","_lmt_disable":"","_jetpack_memberships_contains_paid_content":false,"footnotes":""},"categories":[109,51],"tags":[594],"class_list":["post-57491","post","type-post","status-publish","format-standard","has-post-thumbnail","hentry","category-minuto-a-minuto","category-zona-roja","tag-huajuapan-de-leon"],"jetpack_featured_media_url":"https:\/\/zonaroja.com.mx\/wp-content\/uploads\/2023\/07\/Muerta-Ciudad-Universitaria.jpg","jetpack_sharing_enabled":true,"_links":{"self":[{"href":"https:\/\/zonaroja.com.mx\/index.php?rest_route=\/wp\/v2\/posts\/57491","targetHints":{"allow":["GET"]}}],"collection":[{"href":"https:\/\/zonaroja.com.mx\/index.php?rest_route=\/wp\/v2\/posts"}],"about":[{"href":"https:\/\/zonaroja.com.mx\/index.php?rest_route=\/wp\/v2\/types\/post"}],"author":[{"embeddable":true,"href":"https:\/\/zonaroja.com.mx\/index.php?rest_route=\/wp\/v2\/users\/2"}],"replies":[{"embeddable":true,"href":"https:\/\/zonaroja.com.mx\/index.php?rest_route=%2Fwp%2Fv2%2Fcomments&post=57491"}],"version-history":[{"count":1,"href":"https:\/\/zonaroja.com.mx\/index.php?rest_route=\/wp\/v2\/posts\/57491\/revisions"}],"predecessor-version":[{"id":57493,"href":"https:\/\/zonaroja.com.mx\/index.php?rest_route=\/wp\/v2\/posts\/57491\/revisions\/57493"}],"wp:featuredmedia":[{"embeddable":true,"href":"https:\/\/zonaroja.com.mx\/index.php?rest_route=\/wp\/v2\/media\/57492"}],"wp:attachment":[{"href":"https:\/\/zonaroja.com.mx\/index.php?rest_route=%2Fwp%2Fv2%2Fmedia&parent=57491"}],"wp:term":[{"taxonomy":"category","embeddable":true,"href":"https:\/\/zonaroja.com.mx\/index.php?rest_route=%2Fwp%2Fv2%2Fcategories&post=57491"},{"taxonomy":"post_tag","embeddable":true,"href":"https:\/\/zonaroja.com.mx\/index.php?rest_route=%2Fwp%2Fv2%2Ftags&post=57491"}],"curies":[{"name":"wp","href":"https:\/\/api.w.org\/{rel}","templated":true}]}}