{"id":57494,"date":"2023-07-12T22:33:46","date_gmt":"2023-07-13T03:33:46","guid":{"rendered":"http:\/\/www.zonaroja.com.mx\/?p=57494"},"modified":"2023-07-12T22:33:48","modified_gmt":"2023-07-13T03:33:48","slug":"sin-freno-la-violencia-en-chilpancingo-ahora-asesinan-a-dos-ex-funcionarios","status":"publish","type":"post","link":"https:\/\/zonaroja.com.mx\/?p=57494","title":{"rendered":"Sin freno la violencia en Chilpancingo; ahora asesinan a dos ex funcionarios"},"content":{"rendered":"\n<p>Redacci\u00f3n\/Zona Roja Cdmx.<\/p>\n\n\n\n<p>Ciudad de M\u00e9xico, a 12 de julio de 2023.- Dos j\u00f3venes pol\u00edticos pertenecientes al Partido de la Revoluci\u00f3n Democr\u00e1tica (PRD) fueron asesinados a balazos en el interior de una taquer\u00eda frente a la glorieta de Unidos por Guerrero.&nbsp;<\/p>\n\n\n\n<p>Se trata del ex regidor Oscar Garibay y el ex director de la Juventud del municipio de Chilpancingo Iv\u00e1n Zaith Dom\u00ednguez.<\/p>\n\n\n\n<p>Los j\u00f3venes fueron parte de la administraci\u00f3n municipal de Chilpancingo durante el periodo de gobierno que encabez\u00f3 Antonio Gaspar Beltr\u00e1n.<\/p>\n\n\n\n<p>En el caso de \u00d3scar Garibay su designaci\u00f3n como regidor la logr\u00f3 como cuota de la corriente pol\u00edtica que dirige el diputado Bernardo Ortega, con quien le atribu\u00eda tener una amistad cercana.<\/p>\n\n\n\n<p>La agresi\u00f3n se registr\u00f3 minutos antes de la medianoche de ayer, cuando el agresor entr\u00f3 a la taquer\u00eda \u00abLos dos Carnales\u00bb sin mediar palabra disparo contra los dos j\u00f3venes que se encontraban en ese lugar, del que presumiblemente \u00d3scar fue el propietario.<\/p>\n\n\n\n<p>\u00d3scar cay\u00f3 fulminado por los impactos de bala, mientras que Iv\u00e1n fue levantado herido y muri\u00f3 en el hospital.<\/p>\n\n\n\n<p>Tras el hecho de violencia al sitio se presentaron elementos de la polic\u00eda, Guardia Nacional y ej\u00e9rcito, quienes realizaron las diligencias correspondientes para buscar evidencias.<\/p>\n\n\n\n<p>En el sitio de la agresi\u00f3n se localizaron casquillos de arma corta calibre 9 mil\u00edmetros.<\/p>\n\n\n\n<p>(Informaci\u00f3n de \u201cEl Sol de Acapulco\u201d)<\/p>\n","protected":false},"excerpt":{"rendered":"<p>Redacci\u00f3n\/Zona Roja Cdmx. Ciudad de M\u00e9xico, a 12 de julio de 2023.- Dos j\u00f3venes pol\u00edticos&hellip;<\/p>\n","protected":false},"author":2,"featured_media":57495,"comment_status":"closed","ping_status":"open","sticky":false,"template":"","format":"standard","meta":{"_lmt_disableupdate":"","_lmt_disable":"","_jetpack_memberships_contains_paid_content":false,"footnotes":""},"categories":[109,51],"tags":[3607],"class_list":["post-57494","post","type-post","status-publish","format-standard","has-post-thumbnail","hentry","category-minuto-a-minuto","category-zona-roja","tag-chilpancingo-guerrero"],"jetpack_featured_media_url":"https:\/\/zonaroja.com.mx\/wp-content\/uploads\/2023\/07\/Ex-funcionarios-Chilpancingo.jpeg","jetpack_sharing_enabled":true,"_links":{"self":[{"href":"https:\/\/zonaroja.com.mx\/index.php?rest_route=\/wp\/v2\/posts\/57494","targetHints":{"allow":["GET"]}}],"collection":[{"href":"https:\/\/zonaroja.com.mx\/index.php?rest_route=\/wp\/v2\/posts"}],"about":[{"href":"https:\/\/zonaroja.com.mx\/index.php?rest_route=\/wp\/v2\/types\/post"}],"author":[{"embeddable":true,"href":"https:\/\/zonaroja.com.mx\/index.php?rest_route=\/wp\/v2\/users\/2"}],"replies":[{"embeddable":true,"href":"https:\/\/zonaroja.com.mx\/index.php?rest_route=%2Fwp%2Fv2%2Fcomments&post=57494"}],"version-history":[{"count":1,"href":"https:\/\/zonaroja.com.mx\/index.php?rest_route=\/wp\/v2\/posts\/57494\/revisions"}],"predecessor-version":[{"id":57496,"href":"https:\/\/zonaroja.com.mx\/index.php?rest_route=\/wp\/v2\/posts\/57494\/revisions\/57496"}],"wp:featuredmedia":[{"embeddable":true,"href":"https:\/\/zonaroja.com.mx\/index.php?rest_route=\/wp\/v2\/media\/57495"}],"wp:attachment":[{"href":"https:\/\/zonaroja.com.mx\/index.php?rest_route=%2Fwp%2Fv2%2Fmedia&parent=57494"}],"wp:term":[{"taxonomy":"category","embeddable":true,"href":"https:\/\/zonaroja.com.mx\/index.php?rest_route=%2Fwp%2Fv2%2Fcategories&post=57494"},{"taxonomy":"post_tag","embeddable":true,"href":"https:\/\/zonaroja.com.mx\/index.php?rest_route=%2Fwp%2Fv2%2Ftags&post=57494"}],"curies":[{"name":"wp","href":"https:\/\/api.w.org\/{rel}","templated":true}]}}