{"id":57497,"date":"2023-07-13T07:44:56","date_gmt":"2023-07-13T12:44:56","guid":{"rendered":"http:\/\/www.zonaroja.com.mx\/?p=57497"},"modified":"2023-07-13T07:44:59","modified_gmt":"2023-07-13T12:44:59","slug":"poder-judicial-reitera-firme-compromiso-con-la-humanizacion-de-la-justicia","status":"publish","type":"post","link":"https:\/\/zonaroja.com.mx\/?p=57497","title":{"rendered":"Poder Judicial reitera firme compromiso\u00a0con la\u00a0humanizaci\u00f3n de la justicia"},"content":{"rendered":"\n<p>Redacci\u00f3n\/Zona Roja.<\/p>\n\n\n\n<p>Oaxaca de Ju\u00e1rez, Oax., a 13 de julio de 2023.- En sesi\u00f3n solemne conjunta de los plenos del Tribunal Superior de Justicia y del Consejo de la Judicatura, el Poder Judicial del Estado conmemor\u00f3&nbsp;el&nbsp;D\u00eda del&nbsp;Abogado&nbsp;y&nbsp;la&nbsp;Abogada,&nbsp;ceremonia en la cual el magistrado presidente Eduardo Pinacho S\u00e1nchezreiter\u00f3 el compromiso de la instituci\u00f3n con la humanizaci\u00f3n de la justicia.&nbsp;<\/p>\n\n\n\n<p>Acompa\u00f1ado del&nbsp;titular de la Consejer\u00eda&nbsp;Jur\u00eddica y Asistencia Legal del Gobierno del Estado, Geovany V\u00e1squez Sagrero, quien asisti\u00f3 con la representaci\u00f3n del gobernador Salom\u00f3n Jara Cruz, y de la presidenta de la Mesa Directiva de la 65 Legislatura&nbsp;del Congreso del Estado, M\u00edriam de los \u00c1ngeles V\u00e1zquez Ruiz, se\u00f1al\u00f3 que es momento de repensar el concepto de abogado y de entender&nbsp;que estudiar Derecho no es estudiar leyes, sino algo m\u00e1s.<\/p>\n\n\n\n<p>Por ello, puntualiz\u00f3 que\u00a0el Poder Judicial del Estado\u00a0est\u00e1 empe\u00f1ado en\u00a0formar una generaci\u00f3n de buenos jueces,\u00a0pero\u00a0sobre todo, de jueces buenos, con una personalidad dotada de sensibilidad y humanismo, con perspectiva moral y principios inquebrantables que redimensionen la funci\u00f3n jurisdiccional.\u00a0<\/p>\n\n\n\n<figure class=\"wp-block-embed is-type-rich is-provider-twitter wp-block-embed-twitter\"><div class=\"wp-block-embed__wrapper\">\n<div class=\"twitter-tweet\"><blockquote class=\"twitter-tweet\" data-lang=\"es\"><p lang=\"es\" dir=\"ltr\"><a href=\"https:\/\/twitter.com\/hashtag\/D%C3%ADaDelAbogado?src=hash&amp;ref_src=twsrc%5Etfw\">#D\u00edaDelAbogado<\/a><br>Tambi\u00e9n, el magistrado Eduardo Pinacho S\u00e1nchez afirm\u00f3 que el Poder Judicial del Estado de Oaxaca (<a href=\"https:\/\/twitter.com\/tsjoaxaca?ref_src=twsrc%5Etfw\">@tsjoaxaca<\/a>), est\u00e1 empe\u00f1ado en formar una generaci\u00f3n de buenos jueces, pero sobre todo, de jueces buenos, con una personalidad dotada de sensibilidad y humanismo. <a href=\"https:\/\/t.co\/an6N6h3yNf\">pic.twitter.com\/an6N6h3yNf<\/a><\/p>&mdash; Zona Roja Oaxaca (@ZonaRoja_Oaxaca) <a href=\"https:\/\/twitter.com\/ZonaRoja_Oaxaca\/status\/1679257044241580034?ref_src=twsrc%5Etfw\">12 de julio de 2023<\/a><\/blockquote><\/div>\n<\/div><\/figure>\n\n\n\n<p>El magistrado Pinacho S\u00e1nchez destac\u00f3 que las y los&nbsp;abogados son&nbsp;un instrumento para la realizaci\u00f3n del derecho, que es una de las rutas para la consecuci\u00f3n de la equidad, la pacificaci\u00f3n, la armon\u00eda y la estabilidad social; adem\u00e1s de que no se puede&nbsp;concebir un sistema de impartici\u00f3n de justicia sin abogados, en los diferentes roles profesionales, esto es, litigantes, jueces, fiscales, acad\u00e9micos o investigadores.<\/p>\n\n\n\n<p>En el marco de la Sesi\u00f3n Solemne se entregaron reconocimientos&nbsp;a los ex presidentes de la instituci\u00f3n&nbsp;Fernando Abraham Barrita L\u00f3pez&nbsp;(1987-1992);&nbsp;Roberto Pedro Mart\u00ednez Ortiz&nbsp;(1993-1996);&nbsp;Agust\u00edn M\u00e1rquez Uribe&nbsp;(1996-1999);&nbsp;Alejandro Enrique Figueroa(2005);&nbsp;H\u00e9ctor Anuar&nbsp;Mafud&nbsp;Mafud&nbsp;(2005-2010);&nbsp;Alfredo Rodrigo Lagunas Rivera&nbsp;(2011-2017);&nbsp;Mar\u00eda Eugenia Villanueva&nbsp;Abraj\u00e1n&nbsp;(2018-2019)&nbsp;y&nbsp;Ra\u00fal Bola\u00f1os Cacho Guzm\u00e1n (1999-2004) y (2017-2018).<\/p>\n\n\n\n<p>Por otra parte, recibieron&nbsp;el premio al M\u00e9rito Judicial&nbsp;y&nbsp;est\u00edmulo al buen desempe\u00f1o en el 2022, el juez&nbsp;Javier Garc\u00eda P\u00e9rez; la secretaria judicial&nbsp;Olga Lidia Hern\u00e1ndez Aquino, el actuario&nbsp;Abel Rogelio Soriano Torres&nbsp;y la secretaria de Acuerdos de Sala&nbsp;Laura Aquino Reyes; se&nbsp;rindi\u00f3&nbsp;un homenaje p\u00f3stumo al magistrado Octavio Z\u00e1rate Mijangos y&nbsp;se reconoci\u00f3&nbsp;a magistradas y magistrados que concluyeron su funci\u00f3n durante la administraci\u00f3n 2019-2023.<\/p>\n\n\n\n<p>Se present\u00f3 el video de colocaci\u00f3n de placas para designar con el nombre de los magistrados Crescencio Mart\u00ednez Geminiano, Arturo L\u00e1zaro Le\u00f3n de la Vega, Gerardo Carmona Castillo y Gregoria Castellanos Ch\u00e1vez, a las Salas del Centro de Justicia \u201cMargarita Maza Parada\u201d de Tanivet; y el\u00a0magistrado Gerardo Carmona present\u00f3 la Historia Legislativa del C\u00f3digo Penal para el Estado de Oaxaca.<\/p>\n\n\n\n<figure class=\"wp-block-embed is-type-rich is-provider-twitter wp-block-embed-twitter\"><div class=\"wp-block-embed__wrapper\">\n<div class=\"twitter-tweet\"><blockquote class=\"twitter-tweet\" data-lang=\"es\"><p lang=\"es\" dir=\"ltr\">Con motivo del <a href=\"https:\/\/twitter.com\/hashtag\/DiaDelAbogado?src=hash&amp;ref_src=twsrc%5Etfw\">#DiaDelAbogado<\/a> (a), el titular del Poder Judicial del Estado de Oaxaca (<a href=\"https:\/\/twitter.com\/tsjoaxaca?ref_src=twsrc%5Etfw\">@tsjoaxaca<\/a>), Eduardo Pinacho S\u00e1nchez, emiti\u00f3 un mensaje de felicitaci\u00f3n, en que destac\u00f3 adem\u00e1s los avances importantes durante su gesti\u00f3n. <a href=\"https:\/\/t.co\/pBPaoezSxY\">pic.twitter.com\/pBPaoezSxY<\/a><\/p>&mdash; Zona Roja Oaxaca (@ZonaRoja_Oaxaca) <a href=\"https:\/\/twitter.com\/ZonaRoja_Oaxaca\/status\/1679318274234802177?ref_src=twsrc%5Etfw\">13 de julio de 2023<\/a><\/blockquote><\/div>\n<\/div><\/figure>\n","protected":false},"excerpt":{"rendered":"<p>Redacci\u00f3n\/Zona Roja. Oaxaca de Ju\u00e1rez, Oax., a 13 de julio de 2023.- En sesi\u00f3n solemne&hellip;<\/p>\n","protected":false},"author":2,"featured_media":57498,"comment_status":"closed","ping_status":"open","sticky":false,"template":"","format":"standard","meta":{"_lmt_disableupdate":"","_lmt_disable":"","_jetpack_memberships_contains_paid_content":false,"footnotes":""},"categories":[109,46],"tags":[223],"class_list":["post-57497","post","type-post","status-publish","format-standard","has-post-thumbnail","hentry","category-minuto-a-minuto","category-zona-blanca","tag-poder-judicial-de-oaxaca"],"jetpack_featured_media_url":"https:\/\/zonaroja.com.mx\/wp-content\/uploads\/2023\/07\/Conmemora-Poder-Judicial-el-Dia-del-Abogado-y-la-Abogada.jpg","jetpack_sharing_enabled":true,"_links":{"self":[{"href":"https:\/\/zonaroja.com.mx\/index.php?rest_route=\/wp\/v2\/posts\/57497","targetHints":{"allow":["GET"]}}],"collection":[{"href":"https:\/\/zonaroja.com.mx\/index.php?rest_route=\/wp\/v2\/posts"}],"about":[{"href":"https:\/\/zonaroja.com.mx\/index.php?rest_route=\/wp\/v2\/types\/post"}],"author":[{"embeddable":true,"href":"https:\/\/zonaroja.com.mx\/index.php?rest_route=\/wp\/v2\/users\/2"}],"replies":[{"embeddable":true,"href":"https:\/\/zonaroja.com.mx\/index.php?rest_route=%2Fwp%2Fv2%2Fcomments&post=57497"}],"version-history":[{"count":1,"href":"https:\/\/zonaroja.com.mx\/index.php?rest_route=\/wp\/v2\/posts\/57497\/revisions"}],"predecessor-version":[{"id":57499,"href":"https:\/\/zonaroja.com.mx\/index.php?rest_route=\/wp\/v2\/posts\/57497\/revisions\/57499"}],"wp:featuredmedia":[{"embeddable":true,"href":"https:\/\/zonaroja.com.mx\/index.php?rest_route=\/wp\/v2\/media\/57498"}],"wp:attachment":[{"href":"https:\/\/zonaroja.com.mx\/index.php?rest_route=%2Fwp%2Fv2%2Fmedia&parent=57497"}],"wp:term":[{"taxonomy":"category","embeddable":true,"href":"https:\/\/zonaroja.com.mx\/index.php?rest_route=%2Fwp%2Fv2%2Fcategories&post=57497"},{"taxonomy":"post_tag","embeddable":true,"href":"https:\/\/zonaroja.com.mx\/index.php?rest_route=%2Fwp%2Fv2%2Ftags&post=57497"}],"curies":[{"name":"wp","href":"https:\/\/api.w.org\/{rel}","templated":true}]}}