{"id":57500,"date":"2023-07-13T11:30:00","date_gmt":"2023-07-13T16:30:00","guid":{"rendered":"http:\/\/www.zonaroja.com.mx\/?p=57500"},"modified":"2023-07-13T08:01:00","modified_gmt":"2023-07-13T13:01:00","slug":"gobernador-acusa-a-madres-buscadoras-de-jalisco-de-llamada-previa-a-explosivos","status":"publish","type":"post","link":"https:\/\/zonaroja.com.mx\/?p=57500","title":{"rendered":"Gobernador acusa a madres buscadoras de Jalisco de llamada previa a explosivos"},"content":{"rendered":"\n<p>Redacci\u00f3n\/Zona Roja Cdmx.<\/p>\n\n\n\n<p>Ciudad de M\u00e9xico, a 13 de julio de 2023.- El gobernador de Jalisco, Enrique Alfaro, vincul\u00f3 las acciones de b\u00fasqueda de colectivos de madres con el ataque en Tlajomulco que dej\u00f3 hasta el momento seis elementos de la Fiscal\u00eda y de la polic\u00eda municipal muertos y 12 lesionados, y asegur\u00f3 que se trat\u00f3 de \u201cuna trampa\u201d contra las fuerzas de seguridad.<\/p>\n\n\n\n<p>En un mensaje en video, dijo que una ciudadana que \u201cparticipa en los colectivos de padres buscadoras de personas desaparecidas\u201d recibi\u00f3 una llamada an\u00f3nima sobre un punto donde supuestamente hab\u00eda restos humanos, por lo que las autoridades acudieron a atender el reporte.<\/p>\n\n\n\n<p>\u201cFue una trampa para nuestros elementos, esta llamada buscaba la presencia de nuestros polic\u00edas para agredirlos con estos artefactos explosivos\u201d, dijo el mandatario.<\/p>\n\n\n\n<p>Tras los hechos, inform\u00f3 que las b\u00fasquedas de personas desaparecidas quedar\u00edan suspendidas, por seguridad de los colectivos.<\/p>\n\n\n\n<p>SE DESLINDAN<\/p>\n\n\n\n<p>Las Madres Buscadoras de Jalisco se pronunciaron tras los dichos del gobernador y mencionaron que no est\u00e1n de acuerdo con las declaraciones de Enrique Alfaro, pues su colectivo no tiene nada que ver con la agresi\u00f3n a elementos de la Fiscal\u00eda del estado, adem\u00e1s de que aclararon que no fueron ellas las que recibieron la supuesta alerta sobre el hallazgo de restos humanos.<\/p>\n\n\n\n<p>\u201cNosotros trabajamos con nuestros propios recursos y haciendo el trabajo que al gobierno le corresponde, negamos rotundamente que tenga algo que ver con nosotros, negamos que las personas involucradas sean parte de nuestro colectivo y de otro compa\u00f1ero, jam\u00e1s recibimos esa llamada y nunca salimos de noche a campo\u201d.<\/p>\n\n\n\n<figure class=\"wp-block-embed is-type-rich is-provider-twitter wp-block-embed-twitter\"><div class=\"wp-block-embed__wrapper\">\n<div class=\"twitter-tweet\"><blockquote class=\"twitter-tweet\" data-lang=\"es\"><p lang=\"es\" dir=\"ltr\">A seis personas asesinadas y 12 m\u00e1s lesionadas, ascendi\u00f3 el saldo del ataque con al menos siete artefactos explosivos anoche, en <a href=\"https:\/\/twitter.com\/hashtag\/Tlajomulco?src=hash&amp;ref_src=twsrc%5Etfw\">#Tlajomulco<\/a> de Z\u00fa\u00f1iga, inform\u00f3 esta ma\u00f1ana el gobierno de <a href=\"https:\/\/twitter.com\/hashtag\/Jalisco?src=hash&amp;ref_src=twsrc%5Etfw\">#Jalisco<\/a>. Las v\u00edctimas eran polic\u00edas y personal de la Fiscal\u00eda General del Estado. <a href=\"https:\/\/t.co\/q03C90Ua7D\">pic.twitter.com\/q03C90Ua7D<\/a><\/p>&mdash; Zona Roja Oaxaca (@ZonaRoja_Oaxaca) <a href=\"https:\/\/twitter.com\/ZonaRoja_Oaxaca\/status\/1679293170423660544?ref_src=twsrc%5Etfw\">13 de julio de 2023<\/a><\/blockquote><\/div>\n<\/div><\/figure>\n\n\n\n<p>El colectivo mencion\u00f3 que se trata de una estrategia para amedrentar a las madres pues hasta el momento no han recibido amenazas ni intimidaci\u00f3n por el crimen organizado.<\/p>\n\n\n\n<p>A trav\u00e9s de una publicaci\u00f3n en sus redes sociales, las Madres Buscadoras de Jalisco recordaron que en la \u00faltima fosa localizada en San Juan Evangelista \u201cvan 51 personas exhumadas y no va ni la cuarta parte del trabajo que falta, si crees que corremos peligro Enrique Alfaro Ram\u00edrez danos la protecci\u00f3n que merecemos por hacer t\u00fa trabajo\u201d.<\/p>\n\n\n\n<p>Aseguraron que ellas continuar\u00e1n con las b\u00fasquedas.<\/p>\n\n\n\n<p>\u00bfQU\u00c9 PAS\u00d3?<\/p>\n\n\n\n<p>El martes 11 de julio se registr\u00f3 un ataque con artefactos explosivos contra elementos de la Fiscal\u00eda del estado de Jalisco y Polic\u00eda de Tlajomulco de Z\u00fa\u00f1iga que dej\u00f3 seis personas muertas y 12 lesionadas.<\/p>\n\n\n\n<p>\u201cEs un acto de terror brutal y es un momento en el que en esta mesa estamos cerrando filas, se han definido los pasos a seguir y realizaremos un operativo para dar con los responsables\u201d, dijo el gobernador, Enrique Alfaro.<\/p>\n\n\n\n<p>Luego del ataque, el Grupo Especializado en Explosivos inici\u00f3 con las investigaciones.<\/p>\n\n\n\n<p>En un segundo video compartido por el gobernador, asegura que el Gabinete de Seguridad se encuentra en sesi\u00f3n permanente y evaluar\u00e1n las condiciones en las pr\u00f3ximas horas.<\/p>\n\n\n\n<p>La agresi\u00f3n se reporta d\u00edas despu\u00e9s que madres Buscadoras de Jalisco estimaran que van 30 cuerpos localizados en la fosa clandestina hallada en el municipio de Tlajomulco de Z\u00fa\u00f1iga.<\/p>\n\n\n\n<p>Las integrantes del colectivo denunciaron que las autoridades no les hab\u00edan permitido el acceso a la zona para realizar trabajos en conjunto, adem\u00e1s que les han negado informaci\u00f3n.<\/p>\n\n\n\n<p>De acuerdo con cifras oficiales, de enero a julio de este a\u00f1o, en el estado de Jalisco se tiene registro de mil 95 v\u00edctimas de homicidio doloso.<\/p>\n\n\n\n<p>(Informaci\u00f3n del portal \u201cAnimal Pol\u00edtico\u201d)<\/p>\n","protected":false},"excerpt":{"rendered":"<p>Redacci\u00f3n\/Zona Roja Cdmx. Ciudad de M\u00e9xico, a 13 de julio de 2023.- El gobernador de&hellip;<\/p>\n","protected":false},"author":2,"featured_media":57505,"comment_status":"closed","ping_status":"open","sticky":false,"template":"","format":"standard","meta":{"_lmt_disableupdate":"","_lmt_disable":"","_jetpack_memberships_contains_paid_content":false,"footnotes":""},"categories":[109,47],"tags":[3564],"class_list":["post-57500","post","type-post","status-publish","format-standard","has-post-thumbnail","hentry","category-minuto-a-minuto","category-zona-gris","tag-jalisco"],"jetpack_featured_media_url":"https:\/\/zonaroja.com.mx\/wp-content\/uploads\/2023\/07\/Ataque-explosivos-Jalisco-Tlajomulco.jpeg","jetpack_sharing_enabled":true,"_links":{"self":[{"href":"https:\/\/zonaroja.com.mx\/index.php?rest_route=\/wp\/v2\/posts\/57500","targetHints":{"allow":["GET"]}}],"collection":[{"href":"https:\/\/zonaroja.com.mx\/index.php?rest_route=\/wp\/v2\/posts"}],"about":[{"href":"https:\/\/zonaroja.com.mx\/index.php?rest_route=\/wp\/v2\/types\/post"}],"author":[{"embeddable":true,"href":"https:\/\/zonaroja.com.mx\/index.php?rest_route=\/wp\/v2\/users\/2"}],"replies":[{"embeddable":true,"href":"https:\/\/zonaroja.com.mx\/index.php?rest_route=%2Fwp%2Fv2%2Fcomments&post=57500"}],"version-history":[{"count":1,"href":"https:\/\/zonaroja.com.mx\/index.php?rest_route=\/wp\/v2\/posts\/57500\/revisions"}],"predecessor-version":[{"id":57501,"href":"https:\/\/zonaroja.com.mx\/index.php?rest_route=\/wp\/v2\/posts\/57500\/revisions\/57501"}],"wp:featuredmedia":[{"embeddable":true,"href":"https:\/\/zonaroja.com.mx\/index.php?rest_route=\/wp\/v2\/media\/57505"}],"wp:attachment":[{"href":"https:\/\/zonaroja.com.mx\/index.php?rest_route=%2Fwp%2Fv2%2Fmedia&parent=57500"}],"wp:term":[{"taxonomy":"category","embeddable":true,"href":"https:\/\/zonaroja.com.mx\/index.php?rest_route=%2Fwp%2Fv2%2Fcategories&post=57500"},{"taxonomy":"post_tag","embeddable":true,"href":"https:\/\/zonaroja.com.mx\/index.php?rest_route=%2Fwp%2Fv2%2Ftags&post=57500"}],"curies":[{"name":"wp","href":"https:\/\/api.w.org\/{rel}","templated":true}]}}