{"id":57509,"date":"2023-07-13T09:30:00","date_gmt":"2023-07-13T14:30:00","guid":{"rendered":"http:\/\/www.zonaroja.com.mx\/?p=57509"},"modified":"2023-07-13T09:33:54","modified_gmt":"2023-07-13T14:33:54","slug":"matan-a-balazos-a-otra-mujer-en-oaxaca-suman-5-victimas-de-ayer","status":"publish","type":"post","link":"https:\/\/zonaroja.com.mx\/?p=57509","title":{"rendered":"Matan a balazos a otra mujer en Oaxaca; suman 5 v\u00edctimas de ayer"},"content":{"rendered":"\n<p>Ismael Garc\u00eda M.\/Zona Roja.<\/p>\n\n\n\n<p>Oaxaca de Ju\u00e1rez, Oax., a 13 de julio de 2023.- En tanto el secretario de  Gobierno de Oaxaca, Jes\u00fas Romero L\u00f3pez, reiter\u00f3 que la entidad es una de las m\u00e1s seguras del pa\u00eds, e incluso critic\u00f3 a \u00abdos que tres medios\u00bb que difunden los hechos violentos, otra mujer fue asesinada ayer, con lo que suman tres femeninas muertas y dos adultos.<\/p>\n\n\n\n<p>El m\u00e1s reciente caso ocurri\u00f3 anoche en la localidad de Playa Tijerina de San Pedro Pochutla, municipio de la regi\u00f3n de la Costa.<\/p>\n\n\n\n<p>Sujetos armados atacaron a una pareja que viajaba en motocicleta; en el sitio muri\u00f3 la mujer Mar\u00eda del Carmen \u201cN\u201d, de 44 a\u00f1os de edad, as\u00ed como un var\u00f3n que a\u00fan no ha sido identificado.<\/p>\n\n\n\n<p>Tambi\u00e9n anoche pero en San Felipe Jalapa de D\u00edaz, municipio de la regi\u00f3n Cuenca, un individuo fue ejecutado a balazos en el interior de su local comercial y frente a integrantes de su familia.<\/p>\n\n\n\n<p>Hasta ahora el hoy occiso ha sido identificado \u00fanicamente como \u201cEl Pantera\u201d, cuyo cuerpo recibi\u00f3 varios impactos de arma de fuego, al parecer de grueso calibre.<\/p>\n\n\n\n<p>Como se inform\u00f3 ayer, una mujer de la etnia Triqui fue asesinada a balazos, en inmediaciones de la agencia Rancho Solano, perteneciente al municipio de Huajuapan de Le\u00f3n; fue identificada como Cornelia R. L., de unos 25 a\u00f1os de edad.<\/p>\n\n\n\n<p>Mientras que poco despu\u00e9s del mediod\u00eda de este mi\u00e9rcoles, en campos deportivos de Ciudad Universitaria, de la Universidad Aut\u00f3noma \u201cBenito Ju\u00e1rez\u201d de Oaxaca, una mujer fue hallada muerta; las causas del deceso a\u00fan no han sido determinadas.<\/p>\n","protected":false},"excerpt":{"rendered":"<p>Ismael Garc\u00eda M.\/Zona Roja. Oaxaca de Ju\u00e1rez, Oax., a 13 de julio de 2023.- En&hellip;<\/p>\n","protected":false},"author":2,"featured_media":15774,"comment_status":"closed","ping_status":"open","sticky":false,"template":"","format":"standard","meta":{"_lmt_disableupdate":"","_lmt_disable":"","_jetpack_memberships_contains_paid_content":false,"footnotes":""},"categories":[109,51],"tags":[151],"class_list":["post-57509","post","type-post","status-publish","format-standard","has-post-thumbnail","hentry","category-minuto-a-minuto","category-zona-roja","tag-san-pedro-pochutla"],"jetpack_featured_media_url":"https:\/\/zonaroja.com.mx\/wp-content\/uploads\/2020\/08\/Feminicidio-Oaxaca.jpg","jetpack_sharing_enabled":true,"_links":{"self":[{"href":"https:\/\/zonaroja.com.mx\/index.php?rest_route=\/wp\/v2\/posts\/57509","targetHints":{"allow":["GET"]}}],"collection":[{"href":"https:\/\/zonaroja.com.mx\/index.php?rest_route=\/wp\/v2\/posts"}],"about":[{"href":"https:\/\/zonaroja.com.mx\/index.php?rest_route=\/wp\/v2\/types\/post"}],"author":[{"embeddable":true,"href":"https:\/\/zonaroja.com.mx\/index.php?rest_route=\/wp\/v2\/users\/2"}],"replies":[{"embeddable":true,"href":"https:\/\/zonaroja.com.mx\/index.php?rest_route=%2Fwp%2Fv2%2Fcomments&post=57509"}],"version-history":[{"count":2,"href":"https:\/\/zonaroja.com.mx\/index.php?rest_route=\/wp\/v2\/posts\/57509\/revisions"}],"predecessor-version":[{"id":57520,"href":"https:\/\/zonaroja.com.mx\/index.php?rest_route=\/wp\/v2\/posts\/57509\/revisions\/57520"}],"wp:featuredmedia":[{"embeddable":true,"href":"https:\/\/zonaroja.com.mx\/index.php?rest_route=\/wp\/v2\/media\/15774"}],"wp:attachment":[{"href":"https:\/\/zonaroja.com.mx\/index.php?rest_route=%2Fwp%2Fv2%2Fmedia&parent=57509"}],"wp:term":[{"taxonomy":"category","embeddable":true,"href":"https:\/\/zonaroja.com.mx\/index.php?rest_route=%2Fwp%2Fv2%2Fcategories&post=57509"},{"taxonomy":"post_tag","embeddable":true,"href":"https:\/\/zonaroja.com.mx\/index.php?rest_route=%2Fwp%2Fv2%2Ftags&post=57509"}],"curies":[{"name":"wp","href":"https:\/\/api.w.org\/{rel}","templated":true}]}}