{"id":5751,"date":"2019-11-14T22:32:49","date_gmt":"2019-11-15T04:32:49","guid":{"rendered":"http:\/\/www.zonaroja.com.mx\/?p=5751"},"modified":"2019-11-14T22:33:48","modified_gmt":"2019-11-15T04:33:48","slug":"lagrimas-angustias-y-nula-procuracion-de-justicia-ante-desapariciones","status":"publish","type":"post","link":"https:\/\/zonaroja.com.mx\/?p=5751","title":{"rendered":"L\u00e1grimas, angustias y nula procuraci\u00f3n de justicia ante desapariciones"},"content":{"rendered":"\n<p>Redacci\u00f3n\/Zona Roja.<\/p>\n\n\n\n<p>Oaxaca de Ju\u00e1rez, Oax., 15 de noviembre\nde 2019.- Est\u00e1 punto de cumplir un a\u00f1o de la ausencia de su Fausto Eduardo. <\/p>\n\n\n\n<p>El joven desapareci\u00f3 un 5 de diciembre\nde 2018 de su natal Huautla de Jim\u00e9nez, y desde entonces nadie sabe de \u00e9l. Do\u00f1a\nMary llora, se queja, denuncia:<\/p>\n\n\n\n<p>\u201cNadie nos hace caso, no nos informan\nnada; s\u00f3lo quiero que lo busquen, que me ayuden, no s\u00e9 qu\u00e9 hay que hacer para\nque las autoridades hagan algo\u201d, dice la mujer, ya entrada en a\u00f1os.<\/p>\n\n\n\n<p>Frente al Palacio de Gobierno, la ma\u00f1ana de este jueves un grupo de familias denunci\u00f3 la poca acci\u00f3n de la Fiscal\u00eda General del Estado para buscar a sus desaparecidos, de los que contabilizan 13 casos.<\/p>\n\n\n\n<figure class=\"wp-block-embed-twitter wp-block-embed is-type-rich is-provider-twitter\"><div class=\"wp-block-embed__wrapper\">\n<div class=\"twitter-tweet\"><blockquote class=\"twitter-tweet\" data-lang=\"es\"><p lang=\"es\" dir=\"ltr\"><a href=\"https:\/\/twitter.com\/hashtag\/OaxacaRojo?src=hash&amp;ref_src=twsrc%5Etfw\">#OaxacaRojo<\/a><br>L\u00e1grimas, angustias, s\u00faplicas, de madres y padres de los desaparecidos en Huautla de Jim\u00e9nez; autoridades de la <a href=\"https:\/\/twitter.com\/FISCALIA_GobOax?ref_src=twsrc%5Etfw\">@FISCALIA_GobOax<\/a> ponen poca atenci\u00f3n en la b\u00fasqueda, denuncian en la capital. <a href=\"https:\/\/t.co\/36uIs5wiVE\">pic.twitter.com\/36uIs5wiVE<\/a><\/p>&mdash; Zona Roja Oaxaca (@MexRoja) <a href=\"https:\/\/twitter.com\/MexRoja\/status\/1195051457659232256?ref_src=twsrc%5Etfw\">14 de noviembre de 2019<\/a><\/blockquote><\/div>\n<\/div><\/figure>\n\n\n\n<p>De acuerdo con Vicente Cerqueda, quien\nno ve a su hermano desde el 15 de junio de este a\u00f1o, si bien la Fiscal\u00eda ha\nrealizado algunas acciones de b\u00fasqueda, \u00e8stas no han sido suficientes.<\/p>\n\n\n\n<p>Las indagatorias est\u00e1n estancadas y el\nPresidente Andr\u00e9s Manuel L\u00f3pez Obrador no ha cumplido su palabra, pues cuando\nacudi\u00f3 a Huautla se comprometi\u00f3 a que sus funcionarios se encargar\u00edan de\nindagar el caso.<\/p>\n\n\n\n<p>Mientras que el edil de Huautla, \u00d3scar\nPeralta, no ha brindado ning\u00fan apoyo para la b\u00fasqueda y por el contrario, al\nparecer ha cobijado a la delincuencia en la zona, en lugar de procurar\nseguridad.<\/p>\n\n\n\n<p>Se\u00f1ala que desde el a\u00f1o 2017, se tiene\nconocimiento de al menos 17 casos de desapariciones, aunque la Fiscal\u00eda s\u00f3lo\nreconoce 13, de los cuales ninguno ha sido hallado.<\/p>\n\n\n\n<p>\u201cEstamos en v\u00edsperas del informe del\ngobierno del estado y queremos que en ese informe pueda dar algunos avances y\ntoque el tema de los desaparecidos. Que las investigaciones contin\u00faan\nestancadas\u201d, acusa. <\/p>\n","protected":false},"excerpt":{"rendered":"<p>Redacci\u00f3n\/Zona Roja. Oaxaca de Ju\u00e1rez, Oax., 15 de noviembre de 2019.- Est\u00e1 punto de cumplir&hellip;<\/p>\n","protected":false},"author":2,"featured_media":5752,"comment_status":"closed","ping_status":"open","sticky":false,"template":"","format":"standard","meta":{"_lmt_disableupdate":"","_lmt_disable":"","_jetpack_memberships_contains_paid_content":false,"footnotes":""},"categories":[109,47],"tags":[1012],"class_list":["post-5751","post","type-post","status-publish","format-standard","has-post-thumbnail","hentry","category-minuto-a-minuto","category-zona-gris","tag-desaparecidos-huautla-de-jimenez"],"jetpack_featured_media_url":"https:\/\/zonaroja.com.mx\/wp-content\/uploads\/2019\/11\/Desaparecidos-Huautla.jpg","jetpack_sharing_enabled":true,"_links":{"self":[{"href":"https:\/\/zonaroja.com.mx\/index.php?rest_route=\/wp\/v2\/posts\/5751","targetHints":{"allow":["GET"]}}],"collection":[{"href":"https:\/\/zonaroja.com.mx\/index.php?rest_route=\/wp\/v2\/posts"}],"about":[{"href":"https:\/\/zonaroja.com.mx\/index.php?rest_route=\/wp\/v2\/types\/post"}],"author":[{"embeddable":true,"href":"https:\/\/zonaroja.com.mx\/index.php?rest_route=\/wp\/v2\/users\/2"}],"replies":[{"embeddable":true,"href":"https:\/\/zonaroja.com.mx\/index.php?rest_route=%2Fwp%2Fv2%2Fcomments&post=5751"}],"version-history":[{"count":2,"href":"https:\/\/zonaroja.com.mx\/index.php?rest_route=\/wp\/v2\/posts\/5751\/revisions"}],"predecessor-version":[{"id":5754,"href":"https:\/\/zonaroja.com.mx\/index.php?rest_route=\/wp\/v2\/posts\/5751\/revisions\/5754"}],"wp:featuredmedia":[{"embeddable":true,"href":"https:\/\/zonaroja.com.mx\/index.php?rest_route=\/wp\/v2\/media\/5752"}],"wp:attachment":[{"href":"https:\/\/zonaroja.com.mx\/index.php?rest_route=%2Fwp%2Fv2%2Fmedia&parent=5751"}],"wp:term":[{"taxonomy":"category","embeddable":true,"href":"https:\/\/zonaroja.com.mx\/index.php?rest_route=%2Fwp%2Fv2%2Fcategories&post=5751"},{"taxonomy":"post_tag","embeddable":true,"href":"https:\/\/zonaroja.com.mx\/index.php?rest_route=%2Fwp%2Fv2%2Ftags&post=5751"}],"curies":[{"name":"wp","href":"https:\/\/api.w.org\/{rel}","templated":true}]}}