{"id":57511,"date":"2023-07-13T13:25:00","date_gmt":"2023-07-13T18:25:00","guid":{"rendered":"http:\/\/www.zonaroja.com.mx\/?p=57511"},"modified":"2023-07-13T08:29:55","modified_gmt":"2023-07-13T13:29:55","slug":"edil-inocente-castellanos-fortalece-unidad-y-reafirma-compromiso-con-xoxocotlan","status":"publish","type":"post","link":"https:\/\/zonaroja.com.mx\/?p=57511","title":{"rendered":"Edil Inocente Castellanos fortalece unidad y reafirma compromiso con Xoxocotl\u00e1n"},"content":{"rendered":"\n<p>Redacci\u00f3n\/Zona Roja.<\/p>\n\n\n\n<p>Oaxaca de Ju\u00e1rez, Oax., a 13 de julio de 2023.- El presidente municipal de Santa Cruz Xoxocotl\u00e1n, Inocente Castellanos Alejos, llam\u00f3 a su equipo de gobierno a redoblar esfuerzos para seguir dando resultados positivos a la poblaci\u00f3n.<\/p>\n\n\n\n<p>En reuni\u00f3n con las y los integrantes del gabinete municipal, \u201cChente\u201d Castellanos conmin\u00f3 a sus colaboradores a continuar por la ruta de la honestidad, disposici\u00f3n y esp\u00edritu de servicio que han mostrado, porque dijo, que la primera obligaci\u00f3n es corresponder hasta el \u00faltimo d\u00eda de su gobierno a la confianza de la gente.<\/p>\n\n\n\n<p>En la reuni\u00f3n de evaluaci\u00f3n a las direcciones y coordinaciones que conforman su administraci\u00f3n, el mun\u00edcipe reconoci\u00f3 el empe\u00f1o del personal de cada \u00e1rea, gracias a quienes se avanza en el proyecto que se estableci\u00f3 desde su llegada, y que tiene como \u00fanico objetivo que Xoxo alcance el desarrollo que merece.<\/p>\n\n\n\n<p>\u201cEstamos a la mitad del camino y aunque siempre haya voces discordantes, lo importante es que la gente tiene claro que estamos trabajando con responsabilidad para mejorar sus condiciones de vida; aqu\u00ed primero est\u00e1 el inter\u00e9s del pueblo y mi \u00fanico compromiso es con \u00e9l\u201d, dijo.<\/p>\n\n\n\n<p>Record\u00f3, que el ejercicio de su gobierno est\u00e1 fundamentado en el deseo de la poblaci\u00f3n que durante muchos a\u00f1os ha esperado a ser escuchada y atendida en sus demandas. Una poblaci\u00f3n que dijo tambi\u00e9n exige honestidad y transparencia en el manejo de los recursos p\u00fablicos.<\/p>\n\n\n\n<p>Inocente Castellanos Alejos, pidi\u00f3 a sus colaboradores no distraer su encomienda, pues reiter\u00f3 que la primera y \u00fanica obligaci\u00f3n es con las y los habitantes de Xoxo, al tiempo en que los llam\u00f3 a fortalecer la unidad en torno al beneficio de Xoxocotl\u00e1n.<\/p>\n\n\n\n<p>\u201cAqu\u00ed no hay grupos, este es un equipo unido que ha enfrentado grandes batallas para gobernar por voluntad del pueblo que a diario nos recompensa con su respaldo, a \u00e9l nos debemos y por el continuaremos para que Xoxocotl\u00e1n se desarrolle\u201d, puntualiz\u00f3.<\/p>\n","protected":false},"excerpt":{"rendered":"<p>Redacci\u00f3n\/Zona Roja. Oaxaca de Ju\u00e1rez, Oax., a 13 de julio de 2023.- El presidente municipal&hellip;<\/p>\n","protected":false},"author":2,"featured_media":57512,"comment_status":"closed","ping_status":"open","sticky":false,"template":"","format":"standard","meta":{"_lmt_disableupdate":"","_lmt_disable":"","_jetpack_memberships_contains_paid_content":false,"footnotes":""},"categories":[109,46],"tags":[133],"class_list":["post-57511","post","type-post","status-publish","format-standard","has-post-thumbnail","hentry","category-minuto-a-minuto","category-zona-blanca","tag-santa-cruz-xoxocotlan"],"jetpack_featured_media_url":"https:\/\/zonaroja.com.mx\/wp-content\/uploads\/2023\/07\/Presidente-municipal-Xoxocotlan-Inocente-Castellanos.jpg","jetpack_sharing_enabled":true,"_links":{"self":[{"href":"https:\/\/zonaroja.com.mx\/index.php?rest_route=\/wp\/v2\/posts\/57511","targetHints":{"allow":["GET"]}}],"collection":[{"href":"https:\/\/zonaroja.com.mx\/index.php?rest_route=\/wp\/v2\/posts"}],"about":[{"href":"https:\/\/zonaroja.com.mx\/index.php?rest_route=\/wp\/v2\/types\/post"}],"author":[{"embeddable":true,"href":"https:\/\/zonaroja.com.mx\/index.php?rest_route=\/wp\/v2\/users\/2"}],"replies":[{"embeddable":true,"href":"https:\/\/zonaroja.com.mx\/index.php?rest_route=%2Fwp%2Fv2%2Fcomments&post=57511"}],"version-history":[{"count":1,"href":"https:\/\/zonaroja.com.mx\/index.php?rest_route=\/wp\/v2\/posts\/57511\/revisions"}],"predecessor-version":[{"id":57513,"href":"https:\/\/zonaroja.com.mx\/index.php?rest_route=\/wp\/v2\/posts\/57511\/revisions\/57513"}],"wp:featuredmedia":[{"embeddable":true,"href":"https:\/\/zonaroja.com.mx\/index.php?rest_route=\/wp\/v2\/media\/57512"}],"wp:attachment":[{"href":"https:\/\/zonaroja.com.mx\/index.php?rest_route=%2Fwp%2Fv2%2Fmedia&parent=57511"}],"wp:term":[{"taxonomy":"category","embeddable":true,"href":"https:\/\/zonaroja.com.mx\/index.php?rest_route=%2Fwp%2Fv2%2Fcategories&post=57511"},{"taxonomy":"post_tag","embeddable":true,"href":"https:\/\/zonaroja.com.mx\/index.php?rest_route=%2Fwp%2Fv2%2Ftags&post=57511"}],"curies":[{"name":"wp","href":"https:\/\/api.w.org\/{rel}","templated":true}]}}