{"id":57514,"date":"2023-07-13T14:30:00","date_gmt":"2023-07-13T19:30:00","guid":{"rendered":"http:\/\/www.zonaroja.com.mx\/?p=57514"},"modified":"2023-07-13T22:49:55","modified_gmt":"2023-07-14T03:49:55","slug":"plantea-diputada-reforma-para-fortalecer-los-centros-de-justicia-para-las-mujeres-redaccion-zona-roja","status":"publish","type":"post","link":"https:\/\/zonaroja.com.mx\/?p=57514","title":{"rendered":"Plantea diputada reforma para fortalecer los Centros de Justicia para las Mujeres"},"content":{"rendered":"\n<p>Redacci\u00f3n\/Zona Roja.<\/p>\n\n\n\n<p>Oaxaca de Ju\u00e1rez, Oax., a 13 de julio de 2023.-&nbsp;La diputada local Mariana Ben\u00edtez Tiburcio, present\u00f3 una reforma a la Ley Estatal de Acceso de las Mujeres a una Vida Libre de Violencia de G\u00e9nero, para regular y fortalecer los Centros de Justicia para las Mujeres (CEJUM), para que sean \u00f3rganos descentralizados con patrimonio propio e independencia presupuestaria para la atenci\u00f3n de mujeres en situaci\u00f3n de violencia de g\u00e9nero.<\/p>\n\n\n\n<p>La legisladora oaxaque\u00f1a expres\u00f3 que la sociedad civil organizada mostr\u00f3 su preocupaci\u00f3n al considerar que los Centros de Justicia para las Mujeres, al depender de las fiscal\u00edas propician que el acceso a la justicia de g\u00e9nero para las mujeres, se limite s\u00f3lo al \u00e1mbito judicial, lo que repercute en una falta de atenci\u00f3n integral.&nbsp;<\/p>\n\n\n\n<p>La diputada local expuso que su propuesta obedece a una necesaria armonizaci\u00f3n derivada de la reforma a la Ley General de Acceso de las Mujeres a una Vida Libre de Violencia publicada el pasado 8 de mayo en el Diario Oficial de la Federaci\u00f3n, misma que ordena que las legislaturas locales hagan reformas a sus leyes en la materia.&nbsp;<\/p>\n\n\n\n<p>En ese sentido, la congresista oaxaque\u00f1a mencion\u00f3 que esta iniciativa permitir\u00e1 superar las lagunas legislativas que regulan los Centros de Justicia para las Mujeres, debido a que sus lineamientos de creaci\u00f3n y regulaci\u00f3n interna no establec\u00edan sus funciones, atribuciones, perfiles de sus titulares y del personal administrativo, as\u00ed como la definici\u00f3n de sus servicios y procesos.<\/p>\n\n\n\n<p>Por ello, la diputada local Mariana Ben\u00edtez destac\u00f3 que su propuesta toma como ejes rectores la perspectiva de g\u00e9nero, la interseccionalidad, la interculturalidad y el enfoque diferenciado y&nbsp;contempla a\u00f1adir la medida de protecci\u00f3n consistente en suspender el r\u00e9gimen de tutela o curatela cuando se ejerza violencia por los agresores, entre otros cambios.<\/p>\n\n\n\n<p>\u201cLa importancia de contar con estos Centros de Justicia para las Mujeres, es ofrecer a las mujeres que sufren violencia no solamente un espacio sino tambi\u00e9n un trato digno por parte de los operadores del sistema de justicia, adem\u00e1s de coordinar los esfuerzos de varias instituciones del Estado con la finalidad de brindar soluciones a todas las problem\u00e1ticas que son causa y consecuencia de la violencia; es decir que se les brinde una atenci\u00f3n integral e informaci\u00f3n que les de confianza y seguridad en los procesos jur\u00eddicos que enfrentan las mujeres\u201d, explic\u00f3.<\/p>\n\n\n\n<p>Finalmente, la diputada oaxaque\u00f1a Mariana Ben\u00edtez Tiburcio refiri\u00f3 que el compromiso del Congreso de Oaxaca es impulsar leyes para que todas las mujeres, ni\u00f1as y adolescentes tengan una vida libre de violencia y el Estado cuente con la capacidad de proporcionar una atenci\u00f3n integral y digna para su pleno desarrollo en el entorno social.<\/p>\n","protected":false},"excerpt":{"rendered":"<p>Redacci\u00f3n\/Zona Roja. Oaxaca de Ju\u00e1rez, Oax., a 13 de julio de 2023.-&nbsp;La diputada local Mariana&hellip;<\/p>\n","protected":false},"author":2,"featured_media":57486,"comment_status":"closed","ping_status":"open","sticky":false,"template":"","format":"standard","meta":{"_lmt_disableupdate":"","_lmt_disable":"","_jetpack_memberships_contains_paid_content":false,"footnotes":""},"categories":[109,46],"tags":[2969],"class_list":["post-57514","post","type-post","status-publish","format-standard","has-post-thumbnail","hentry","category-minuto-a-minuto","category-zona-blanca","tag-mariana-benitez-tiburcio"],"jetpack_featured_media_url":"https:\/\/zonaroja.com.mx\/wp-content\/uploads\/2023\/07\/Mariana-Benitez-Congreso-Oaxaca.jpg","jetpack_sharing_enabled":true,"_links":{"self":[{"href":"https:\/\/zonaroja.com.mx\/index.php?rest_route=\/wp\/v2\/posts\/57514","targetHints":{"allow":["GET"]}}],"collection":[{"href":"https:\/\/zonaroja.com.mx\/index.php?rest_route=\/wp\/v2\/posts"}],"about":[{"href":"https:\/\/zonaroja.com.mx\/index.php?rest_route=\/wp\/v2\/types\/post"}],"author":[{"embeddable":true,"href":"https:\/\/zonaroja.com.mx\/index.php?rest_route=\/wp\/v2\/users\/2"}],"replies":[{"embeddable":true,"href":"https:\/\/zonaroja.com.mx\/index.php?rest_route=%2Fwp%2Fv2%2Fcomments&post=57514"}],"version-history":[{"count":2,"href":"https:\/\/zonaroja.com.mx\/index.php?rest_route=\/wp\/v2\/posts\/57514\/revisions"}],"predecessor-version":[{"id":57533,"href":"https:\/\/zonaroja.com.mx\/index.php?rest_route=\/wp\/v2\/posts\/57514\/revisions\/57533"}],"wp:featuredmedia":[{"embeddable":true,"href":"https:\/\/zonaroja.com.mx\/index.php?rest_route=\/wp\/v2\/media\/57486"}],"wp:attachment":[{"href":"https:\/\/zonaroja.com.mx\/index.php?rest_route=%2Fwp%2Fv2%2Fmedia&parent=57514"}],"wp:term":[{"taxonomy":"category","embeddable":true,"href":"https:\/\/zonaroja.com.mx\/index.php?rest_route=%2Fwp%2Fv2%2Fcategories&post=57514"},{"taxonomy":"post_tag","embeddable":true,"href":"https:\/\/zonaroja.com.mx\/index.php?rest_route=%2Fwp%2Fv2%2Ftags&post=57514"}],"curies":[{"name":"wp","href":"https:\/\/api.w.org\/{rel}","templated":true}]}}