{"id":57516,"date":"2023-07-13T11:36:00","date_gmt":"2023-07-13T16:36:00","guid":{"rendered":"http:\/\/www.zonaroja.com.mx\/?p=57516"},"modified":"2023-07-13T09:32:35","modified_gmt":"2023-07-13T14:32:35","slug":"legisladores-del-pri-y-del-prd-critican-programa-topiles-por-la-paz","status":"publish","type":"post","link":"https:\/\/zonaroja.com.mx\/?p=57516","title":{"rendered":"Legisladores del PRI y del PRD critican programa \u201cTopiles por la paz\u201d"},"content":{"rendered":"\n<p>Ismael Garc\u00eda M.\/Zona Roja.<\/p>\n\n\n\n<p>San Raymundo Jalpan, Oax., a 13 de julio de 2023.- Por separado, legisladores del PRI y del PRD criticaron la estrategia de seguridad \u201cTopiles por la paz\u201d y pidieron al gobierno de Oaxaca evitar el uso de personas sin capacitaci\u00f3n para actividades de seguridad p\u00fablica.<\/p>\n\n\n\n<p>En la sesi\u00f3n ordinaria de la 65 Legislatura, Mar\u00eda Luisa Matus Fuentes, Lizbeth Anaid Concha Ojeda y Freddy Gil Pineda plantearon en un Punto de Acuerdo solicitar a la titular del Secretariado Ejecutivo del Sistema Estatal de Seguridad P\u00fablica, Karina Bar\u00f3n, no implementar acciones que est\u00e9n fuera de la ley.<\/p>\n\n\n\n<p>El tema de \u201cTopiles por la paz\u201d \u201ces grave porque no se debe improvisar, la ciudadan\u00eda no quiere un gobierno que confronte a sus ciudadanos, necesitamos un gobierno que concilie, que dialogue para alcanzar consensos, y acuerdos para construir la paz que tanto anhelamos y a la que tenemos derechos\u201d, dijo Matus Fuentes en tribuna.<\/p>\n\n\n\n<p>Propuso al gobernador Salom\u00f3n Jara Cruz para que en coordinaci\u00f3n con la Secretar\u00eda de Seguridad y Protecci\u00f3n Ciudadana, realicen las acciones para garantizar la seguridad de los asistentes a la Guelaguetza con respeto a los derechos humanos.<\/p>\n\n\n\n<p>A la titular del SESEP, Karina Bar\u00f3n, para que en la integraci\u00f3n de \u201cTopiles por la paz\u201d se abstenga de utilizar personal no capacitado y certificado para acciones de seguridad p\u00fablica y adem\u00e1s rinda un informe sobre los alcances de su implementaci\u00f3n y el presupuesto destinado.<\/p>\n\n\n\n<p>Los funcionarios est\u00e1n obligados a hacer lo que la ley les demanda; gente capacitada, preparada, es la que debe brindar la seguridad de todos\u201d, manifest\u00f3.<\/p>\n\n\n\n<p>En similares t\u00e9rminos se pronunci\u00f3, por separado, la diputada Roc\u00edo Melchor V\u00e1squez, propuesta le\u00edda por la legisladora Minerva L\u00f3pez Calder\u00f3n.<\/p>\n\n\n\n<p>Destac\u00f3 que tras el anuncio en junio pasado, diversas organizaciones sociales han se\u00f1alado que con ese programa, el gobierno pretende confrontar a los ciudadanos que busquen protestar, a trav\u00e9s de un grupo de choque.<\/p>\n\n\n\n<p>\u201cEs importante que antes de convocar a la participaci\u00f3n ciudadana, se tengan elaborados las reglas de operaci\u00f3n de los programas que implemente, para alcanzar los objetivos as\u00ed como los recursos, para que no parezcan ocurrencias por falta de un marco jur\u00eddico\u201d, expuso.<\/p>\n\n\n\n<p>Por ello, plante\u00f3 en el Punto de Acuerdo exhortar al Secretariado Ejecutivo del Sistema Estatal de Seguridad P\u00fablica que implemente programas y acciones aprobadas en la ley, para evitar la desinformaci\u00f3n a la ciudadan\u00eda.<\/p>\n","protected":false},"excerpt":{"rendered":"<p>Ismael Garc\u00eda M.\/Zona Roja. San Raymundo Jalpan, Oax., a 13 de julio de 2023.- Por&hellip;<\/p>\n","protected":false},"author":2,"featured_media":57517,"comment_status":"closed","ping_status":"open","sticky":false,"template":"","format":"standard","meta":{"_lmt_disableupdate":"","_lmt_disable":"","_jetpack_memberships_contains_paid_content":false,"footnotes":""},"categories":[109,46],"tags":[2743],"class_list":["post-57516","post","type-post","status-publish","format-standard","has-post-thumbnail","hentry","category-minuto-a-minuto","category-zona-blanca","tag-65-legislatura-del-estado-de-oaxaca"],"jetpack_featured_media_url":"https:\/\/zonaroja.com.mx\/wp-content\/uploads\/2023\/07\/Minerva-Calderon-y-Maria-Luisa-Matus.jpg","jetpack_sharing_enabled":true,"_links":{"self":[{"href":"https:\/\/zonaroja.com.mx\/index.php?rest_route=\/wp\/v2\/posts\/57516","targetHints":{"allow":["GET"]}}],"collection":[{"href":"https:\/\/zonaroja.com.mx\/index.php?rest_route=\/wp\/v2\/posts"}],"about":[{"href":"https:\/\/zonaroja.com.mx\/index.php?rest_route=\/wp\/v2\/types\/post"}],"author":[{"embeddable":true,"href":"https:\/\/zonaroja.com.mx\/index.php?rest_route=\/wp\/v2\/users\/2"}],"replies":[{"embeddable":true,"href":"https:\/\/zonaroja.com.mx\/index.php?rest_route=%2Fwp%2Fv2%2Fcomments&post=57516"}],"version-history":[{"count":1,"href":"https:\/\/zonaroja.com.mx\/index.php?rest_route=\/wp\/v2\/posts\/57516\/revisions"}],"predecessor-version":[{"id":57518,"href":"https:\/\/zonaroja.com.mx\/index.php?rest_route=\/wp\/v2\/posts\/57516\/revisions\/57518"}],"wp:featuredmedia":[{"embeddable":true,"href":"https:\/\/zonaroja.com.mx\/index.php?rest_route=\/wp\/v2\/media\/57517"}],"wp:attachment":[{"href":"https:\/\/zonaroja.com.mx\/index.php?rest_route=%2Fwp%2Fv2%2Fmedia&parent=57516"}],"wp:term":[{"taxonomy":"category","embeddable":true,"href":"https:\/\/zonaroja.com.mx\/index.php?rest_route=%2Fwp%2Fv2%2Fcategories&post=57516"},{"taxonomy":"post_tag","embeddable":true,"href":"https:\/\/zonaroja.com.mx\/index.php?rest_route=%2Fwp%2Fv2%2Ftags&post=57516"}],"curies":[{"name":"wp","href":"https:\/\/api.w.org\/{rel}","templated":true}]}}