{"id":57522,"date":"2023-07-13T13:08:44","date_gmt":"2023-07-13T18:08:44","guid":{"rendered":"http:\/\/www.zonaroja.com.mx\/?p=57522"},"modified":"2023-07-13T13:11:20","modified_gmt":"2023-07-13T18:11:20","slug":"detiene-fiscalia-a-ex-funcionario-del-cobao-y-a-un-proveedor-de-la-institucion","status":"publish","type":"post","link":"https:\/\/zonaroja.com.mx\/?p=57522","title":{"rendered":"Detiene Fiscal\u00eda a ex funcionario del Cobao y a un proveedor de la instituci\u00f3n"},"content":{"rendered":"\n<p>Redacci\u00f3n\/Zona Roja. <\/p>\n\n\n\n<p>Oaxaca de Ju\u00e1rez, Oax., a 13 de julio de 2023.-&nbsp;La Fiscal\u00eda General del Estado de Oaxaca (FGEO) ejecut\u00f3 una orden de aprehensi\u00f3n en contra de un ex funcionario del Colegio de Bachilleres del Estado de Oaxaca y un proveedor de dicho organismo educativo.&nbsp;<\/p>\n\n\n\n<p>En el primer caso, se trata de Oswaldo Marlo C. R., quien fuera subdirector de Administraci\u00f3n en el sexenio anterior, por el probable delito de uso il\u00edcito de atribuciones y facultades en perjuicio patrimonial del Cobao.<\/p>\n\n\n\n<p>En el segundo caso, el empresario Augusto Javier C. D.,&nbsp;por la probable comisi\u00f3n del delito de uso de documento falso en perjuicio patrimonial de la misma instituci\u00f3n educativa.<\/p>\n\n\n\n<p>En un comunicado, la Fiscal\u00eda inform\u00f3 que, de&nbsp;acuerdo con la causa penal, que investiga la Fiscal\u00eda Especializada en Materia de Combate a la Corrupci\u00f3n (FEMCO), los hechos tuvieron lugar en mayo de 2022, cuando el entonces subdirector Administrativo particip\u00f3 en un procedimiento de invitaci\u00f3n restringida para la contrataci\u00f3n de servicios de arrendamiento de equipo de impresi\u00f3n, fotocopiado y escaneo para las oficinas administrativas, almac\u00e9n, planteles educativos y centros de educaci\u00f3n abierta del Cobao.<\/p>\n\n\n\n<p>En tal procedimiento result\u00f3 beneficiado el proveedor citado, quien podr\u00eda haber incurrido en uso de documento falso, pese a ello, obtuvo el contrato, aunque de manera il\u00edcita pues incumpli\u00f3 con los requisitos.<\/p>\n\n\n\n<p>\u201cDerivado a lo anterior, luego de llevar a cabo las investigaciones correspondientes, se obtuvo la orden de aprehensi\u00f3n contra ambas personas, mandatos judiciales que se cumplieron el 11 y 12 de julio.<\/p>\n\n\n\n<p>\u201cLa Fiscal\u00eda de Oaxaca refrenda su compromiso de contribuir con acciones de procuraci\u00f3n de justicia para beneficio de la sociedad oaxaque\u00f1a ante casos en los que se registra un perjuicio patrimonial al Estado\u201d, detall\u00f3 la instituci\u00f3n que encabeza Bernardo Rodr\u00edguez Alamilla.&nbsp;<\/p>\n","protected":false},"excerpt":{"rendered":"<p>Redacci\u00f3n\/Zona Roja. Oaxaca de Ju\u00e1rez, Oax., a 13 de julio de 2023.-&nbsp;La Fiscal\u00eda General del&hellip;<\/p>\n","protected":false},"author":2,"featured_media":57521,"comment_status":"closed","ping_status":"open","sticky":false,"template":"","format":"standard","meta":{"_lmt_disableupdate":"","_lmt_disable":"","_jetpack_memberships_contains_paid_content":false,"footnotes":""},"categories":[109,47],"tags":[],"class_list":["post-57522","post","type-post","status-publish","format-standard","has-post-thumbnail","hentry","category-minuto-a-minuto","category-zona-gris"],"jetpack_featured_media_url":"https:\/\/zonaroja.com.mx\/wp-content\/uploads\/2023\/07\/img_0137.jpg","jetpack_sharing_enabled":true,"_links":{"self":[{"href":"https:\/\/zonaroja.com.mx\/index.php?rest_route=\/wp\/v2\/posts\/57522","targetHints":{"allow":["GET"]}}],"collection":[{"href":"https:\/\/zonaroja.com.mx\/index.php?rest_route=\/wp\/v2\/posts"}],"about":[{"href":"https:\/\/zonaroja.com.mx\/index.php?rest_route=\/wp\/v2\/types\/post"}],"author":[{"embeddable":true,"href":"https:\/\/zonaroja.com.mx\/index.php?rest_route=\/wp\/v2\/users\/2"}],"replies":[{"embeddable":true,"href":"https:\/\/zonaroja.com.mx\/index.php?rest_route=%2Fwp%2Fv2%2Fcomments&post=57522"}],"version-history":[{"count":1,"href":"https:\/\/zonaroja.com.mx\/index.php?rest_route=\/wp\/v2\/posts\/57522\/revisions"}],"predecessor-version":[{"id":57523,"href":"https:\/\/zonaroja.com.mx\/index.php?rest_route=\/wp\/v2\/posts\/57522\/revisions\/57523"}],"wp:featuredmedia":[{"embeddable":true,"href":"https:\/\/zonaroja.com.mx\/index.php?rest_route=\/wp\/v2\/media\/57521"}],"wp:attachment":[{"href":"https:\/\/zonaroja.com.mx\/index.php?rest_route=%2Fwp%2Fv2%2Fmedia&parent=57522"}],"wp:term":[{"taxonomy":"category","embeddable":true,"href":"https:\/\/zonaroja.com.mx\/index.php?rest_route=%2Fwp%2Fv2%2Fcategories&post=57522"},{"taxonomy":"post_tag","embeddable":true,"href":"https:\/\/zonaroja.com.mx\/index.php?rest_route=%2Fwp%2Fv2%2Ftags&post=57522"}],"curies":[{"name":"wp","href":"https:\/\/api.w.org\/{rel}","templated":true}]}}