{"id":57524,"date":"2023-07-13T19:38:23","date_gmt":"2023-07-14T00:38:23","guid":{"rendered":"http:\/\/www.zonaroja.com.mx\/?p=57524"},"modified":"2023-07-13T19:38:25","modified_gmt":"2023-07-14T00:38:25","slug":"provoca-neri-disputa-a-golpes-entre-comerciantes-por-espacios-en-centros-historico","status":"publish","type":"post","link":"https:\/\/zonaroja.com.mx\/?p=57524","title":{"rendered":"Provoca Neri disputa a golpes entre comerciantes por espacios en Centros Hist\u00f3rico"},"content":{"rendered":"\n<p>Yuridiana Sosa\/Zona Roja.<\/p>\n\n\n\n<p>Oaxaca de Ju\u00e1rez, Oax., a 13 de julio de 2023.- La disputa por espacios del Centro Hist\u00f3rico de Oaxaca capital lleg\u00f3 a los golpes por parte de vendedores ambulantes contra vecinos y comerciantes formales en sala de Cabildo, durante la sesi\u00f3n.<\/p>\n\n\n\n<p>Comerciantes ambulantes pelean las \u00e1reas p\u00fablicas para la venta de sus productos en temporada de Guelaguetza, mientras que los vecinos y microempresarios se oponen a su instalaci\u00f3n, en protecci\u00f3n del patrimonio cultural que en cada vendimia sufre da\u00f1os.<\/p>\n\n\n\n<p>Jalones de cabello, pu\u00f1etazos, manotazos y hasta intento de desnudos, acompa\u00f1ados de gritos e insultos se registr\u00f3 durante la confrontaci\u00f3n de ambas partes iniciada por vendedoras ambulantes lideradas por las cabecillas de diferentes grupos, Carmela Luj\u00e1n, Estela Mendoza y Yolanda Ortega, a las que se unieron \u201cporros\u201d.<\/p>\n\n\n\n<p>Todos ellos forman parte del grupo de choque que en otras ocasiones hab\u00eda ocupado el secretario General municipal, Felipe Canseco.<\/p>\n\n\n\n<p>La agresi\u00f3n se registr\u00f3 durante el desarrollo de la sesi\u00f3n de Cabildo de hoy, dentro de la zona de espectadores, de la que el presidente Francisco Mart\u00ednez Neri huy\u00f3 junto con dem\u00e1s de regidores en pleno conflicto.<\/p>\n\n\n\n<p>LOS HECHOS<\/p>\n\n\n\n<p>Ambos grupos de comerciantes y vecinos llegaron a sesi\u00f3n de Cabildo para exigir sus demandas.<\/p>\n\n\n\n<p>Anoche los grupos hab\u00edan protagonizado un conato de bronca alentado por el secretario municipal, Felipe Canseco, ante la instalaci\u00f3n de estructuras en el jard\u00edn \u201cEl Pa\u00f1uelito\u201d para la instalaci\u00f3n de puestos ambulantes.<\/p>\n\n\n\n<p>Ante algunos insultos de los comerciantes en v\u00eda p\u00fablica, los vecinos trataron de frenar la situaci\u00f3n, sin embargo, la respuesta fueron golpes.<\/p>\n\n\n\n<p>El roce entre dos varones de cada grupo por defender su postura no pas\u00f3 a mayores. El l\u00edo se desat\u00f3 cuando una vecina del Centro Hist\u00f3rico trat\u00f3 de ayudar a otra vecina a salir de en medio de un grupo de vendedoras que la ten\u00edan rodeada y no la dejaban pasar.<\/p>\n\n\n\n<p>Apenas se escuch\u00f3 la expresi\u00f3n \u201cno me jales\u201d, cuando los golpes llegaron sobre la habitante del Centro Hist\u00f3rico por parte de un numeroso grupo de comerciantes informales, una de ellas hasta le destrabo de forma intencionada el sost\u00e9n a la mujer agredida, quien apenas pod\u00eda meter las manos para defenderse.<\/p>\n\n\n\n<p>El lugar se convirti\u00f3 en un ring de lucha libre, en cual en un primer momento trat\u00f3 de ser ignorado por el Cabildo encabezado por Francisco Mart\u00ednez Neri, pues la sesi\u00f3n continu\u00f3 por varios minutos m\u00e1s pese a la trifulca.<\/p>\n\n\n\n<p>Enardecida y contagiada de los \u00e1nimos, la l\u00edder ambulante Carmela Luj\u00e1n propin\u00f3 varios golpes a la v\u00edctima de sus compa\u00f1eras; algunos varones intervinieron para separar a la lideresa, pero el resto volvi\u00f3 al ataque cuando otras mujeres trataron de ayudar a su vecina.<\/p>\n\n\n\n<figure class=\"wp-block-embed is-type-rich is-provider-twitter wp-block-embed-twitter\"><div class=\"wp-block-embed__wrapper\">\n<div class=\"twitter-tweet\"><blockquote class=\"twitter-tweet\" data-lang=\"es\"><p lang=\"es\" dir=\"ltr\">2. Fueron \u201cporros\u201d y vendedores llevados por Carmela Luj\u00e1n, Estela Mendoza y Yolanda Ortega quienes agredieron a vecinos del Centro Hist\u00f3rico de la ciudad, en sesi\u00f3n de Cabildo de Oaxaca de Ju\u00e1rez.<br>Ning\u00fan elemento de la Polic\u00eda Municipal intervino para impedir los hechos. <br>Ya\u2026 <a href=\"https:\/\/t.co\/PxQSGLkZVZ\">pic.twitter.com\/PxQSGLkZVZ<\/a><\/p>&mdash; Zona Roja Oaxaca (@ZonaRoja_Oaxaca) <a href=\"https:\/\/twitter.com\/ZonaRoja_Oaxaca\/status\/1679584486542147585?ref_src=twsrc%5Etfw\">13 de julio de 2023<\/a><\/blockquote><\/div>\n<\/div><\/figure>\n\n\n\n<p>Luego de algunos minutos, llegaron elementos de la polic\u00eda, pero solo para ser espectadores. La sesi\u00f3n se suspendi\u00f3, y sin mediar palabra, el presidente municipal huy\u00f3 junto con su Cabildo.<\/p>\n\n\n\n<p>PROVOCACI\u00d3N<\/p>\n\n\n\n<p>Tras los golpes, continuaron algunos se\u00f1alamientos entre ambos grupos culp\u00e1ndose de lo ocurrido, as\u00ed como para advertirse de qu\u00e9 grupo puede \u201csalirse con la suya\u201d.<\/p>\n\n\n\n<p>\u201c\u00a1Queremos trabajar!\u00a1Queremos trabajar!\u201d gritaron los comerciantes ambulantes, mientras que la mujer agredida responsabiliz\u00f3 a la autoridad municipal de lo ocurrido.<\/p>\n\n\n\n<p>Con manchas de sangre en el rostro, y visibles golpes, la mujer agredida se\u00f1al\u00f3 que presentar\u00e1 a la Fiscal\u00eda de Oaxaca las denuncias correspondientes por la agresi\u00f3n que ella y su hija menor de edad recibieron.<\/p>\n\n\n\n<p>Comerciantes y vecinos del Centro Hist\u00f3rico recalcaron su rechazo a la presencia de personas violentas que se escudan en un puesto de venta para apoderarse y da\u00f1ar la infraestructura del Centro Hist\u00f3rico.<\/p>\n\n\n\n<p>ANTECEDENTE<\/p>\n\n\n\n<p>Ayer por la tarde, vecinos y comerciantes establecidos se manifestaron de manera pac\u00edfica en el jard\u00edn \u201cEl Pa\u00f1uelito\u201d ante la llegada de la estructura que servir\u00eda para una expo-venta.<\/p>\n\n\n\n<p>Al lugar arribaron comerciantes ambulantes, presuntamente azuzados por el secretario municipal, Felipe Canseco.<\/p>\n\n\n\n<p>La protesta pac\u00edfica contra el gobierno municipal, en la que tambi\u00e9n particip\u00f3 el Prior del ex convento de Santo Domingo de Guzm\u00e1n, Alejandro Latap\u00ed, de inmediato subi\u00f3 de tono ante el disgusto de los vendedores en la v\u00eda p\u00fablica.<\/p>\n\n\n\n<p>Desde hace varios meses, los comerciantes establecidos del Centro Hist\u00f3rico y vecinos, as\u00ed como la representaci\u00f3n de la iglesia de Santo Domingo, han exigido a la autoridad por diferentes v\u00edas la no instalaci\u00f3n de m\u00e1s expoventas ante el deterioro del inmueble, Patrimonio Mundial, pero la autoridad insiste en dar los permisos.&nbsp;<\/p>\n","protected":false},"excerpt":{"rendered":"<p>Yuridiana Sosa\/Zona Roja. Oaxaca de Ju\u00e1rez, Oax., a 13 de julio de 2023.- La disputa&hellip;<\/p>\n","protected":false},"author":2,"featured_media":57525,"comment_status":"closed","ping_status":"open","sticky":false,"template":"","format":"standard","meta":{"_lmt_disableupdate":"","_lmt_disable":"","_jetpack_memberships_contains_paid_content":false,"footnotes":""},"categories":[109,47],"tags":[2418,148],"class_list":["post-57524","post","type-post","status-publish","format-standard","has-post-thumbnail","hentry","category-minuto-a-minuto","category-zona-gris","tag-francisco-martinez-neri","tag-oaxaca-de-juarez"],"jetpack_featured_media_url":"https:\/\/zonaroja.com.mx\/wp-content\/uploads\/2023\/07\/Agresiones-y-enfrentamiento-Cabildo-Oaxaca-de-Juarez.jpg","jetpack_sharing_enabled":true,"_links":{"self":[{"href":"https:\/\/zonaroja.com.mx\/index.php?rest_route=\/wp\/v2\/posts\/57524","targetHints":{"allow":["GET"]}}],"collection":[{"href":"https:\/\/zonaroja.com.mx\/index.php?rest_route=\/wp\/v2\/posts"}],"about":[{"href":"https:\/\/zonaroja.com.mx\/index.php?rest_route=\/wp\/v2\/types\/post"}],"author":[{"embeddable":true,"href":"https:\/\/zonaroja.com.mx\/index.php?rest_route=\/wp\/v2\/users\/2"}],"replies":[{"embeddable":true,"href":"https:\/\/zonaroja.com.mx\/index.php?rest_route=%2Fwp%2Fv2%2Fcomments&post=57524"}],"version-history":[{"count":1,"href":"https:\/\/zonaroja.com.mx\/index.php?rest_route=\/wp\/v2\/posts\/57524\/revisions"}],"predecessor-version":[{"id":57526,"href":"https:\/\/zonaroja.com.mx\/index.php?rest_route=\/wp\/v2\/posts\/57524\/revisions\/57526"}],"wp:featuredmedia":[{"embeddable":true,"href":"https:\/\/zonaroja.com.mx\/index.php?rest_route=\/wp\/v2\/media\/57525"}],"wp:attachment":[{"href":"https:\/\/zonaroja.com.mx\/index.php?rest_route=%2Fwp%2Fv2%2Fmedia&parent=57524"}],"wp:term":[{"taxonomy":"category","embeddable":true,"href":"https:\/\/zonaroja.com.mx\/index.php?rest_route=%2Fwp%2Fv2%2Fcategories&post=57524"},{"taxonomy":"post_tag","embeddable":true,"href":"https:\/\/zonaroja.com.mx\/index.php?rest_route=%2Fwp%2Fv2%2Ftags&post=57524"}],"curies":[{"name":"wp","href":"https:\/\/api.w.org\/{rel}","templated":true}]}}