{"id":57527,"date":"2023-07-13T21:56:34","date_gmt":"2023-07-14T02:56:34","guid":{"rendered":"http:\/\/www.zonaroja.com.mx\/?p=57527"},"modified":"2023-07-13T21:56:36","modified_gmt":"2023-07-14T02:56:36","slug":"lamentan-parcialidad-de-tres-jueces-de-oaxaca-hacia-ex-funcionario-estatal","status":"publish","type":"post","link":"https:\/\/zonaroja.com.mx\/?p=57527","title":{"rendered":"Lamentan parcialidad de tres jueces de Oaxaca hacia ex funcionario estatal"},"content":{"rendered":"\n<p>Redacci\u00f3n\/Zona Roja.<\/p>\n\n\n\n<p>Oaxaca de Ju\u00e1rez, Oax., a 13 de julio de 2023.- &nbsp;Acompa\u00f1ada&nbsp;por la organizaci\u00f3n Consorcio para el Di\u00e1logo Parlamentario y la Equidad&nbsp;y familiares de v\u00edctimas de&nbsp;feminicidio, la&nbsp;defensora de derechos humanos y periodista feminista Soledad&nbsp;Jarqu\u00edn&nbsp;\u00c9dgar&nbsp;clausur\u00f3&nbsp;hoy simb\u00f3licamente las oficinas del Poder Judicial&nbsp;de&nbsp;Oaxaca, luego&nbsp;que el pasado 10 de julio&nbsp;fue notificada la resoluci\u00f3n de la Sexta Sala Penal Colegiada del Tribunal Superior de Justicia del Estado mediante la que desestima la sentencia emitida en primera instancia.&nbsp;<\/p>\n\n\n\n<p>De esta manera \u2013explic\u00f3- se retrocede en el \u00fanico avance con el que se contaba hasta el momento, en relaci\u00f3n al entramado de delitos que fueron cometidos alrededor del&nbsp;feminicidio&nbsp;de Mar\u00eda del Sol Cruz&nbsp;Jarqu\u00edn.&nbsp;Dijo&nbsp;que la resoluci\u00f3n del Poder Judicial demuestra total parcialidad al posicionarse a favor del delincuente Heliodoro Altamirano&nbsp;Charis. \u201cDescalifica tambi\u00e9n su grado&nbsp;de&nbsp;culpabilidad al definirla como media &#8211;&nbsp;y ya no alta- y&nbsp;no se acredita la existencia de las fotograf\u00edas de Mar\u00eda del Sol, negando as\u00ed valor a su obra art\u00edstica\u201d, destac\u00f3.&nbsp;<\/p>\n\n\n\n<p>Denunci\u00f3 que el Poder Judicial tuvo en sus manos la posibilidad de enviar un claro&nbsp;mensaje&nbsp;a la sociedad, en el sentido de que la violencia no ser\u00e1 tolerada ni permitida, sino que,&nbsp;por el contrario, ser\u00e1 sancionada;&nbsp;sin embargo, demuestra&nbsp;hoy&nbsp;el menosprecio a las&nbsp;v\u00edctimas&nbsp;y evidencia las redes de complicidades y causas estructurales que permiten la impunidad.&nbsp;<\/p>\n\n\n\n<p>&nbsp;Y es que, el&nbsp;acusado enfrent\u00f3 todo el proceso en libertad y fue hasta finales del a\u00f1o &nbsp;2020 que se llev\u00f3 a cabo la primera audiencia;&nbsp;en octubre de 2022 fue dictada finalmente sentencia condenatoria a 13 a\u00f1os 4 meses, sin embargo el sentenciado continu\u00f3 disfrutando de su libertad, y se ampar\u00f3 contra la resoluci\u00f3n.&nbsp;<\/p>\n\n\n\n<p>Al respecto, la integrante del equipo directivo de Consorcio Oaxaca,&nbsp;Y\u00e9sica&nbsp;S\u00e1nchez Maya, afirm\u00f3 que hay&nbsp;una falta de seriedad y claridad por parte del Consejo de la Judicatura para revisar la actuaci\u00f3n de Jueces y Magistrados. \u201cEsta resoluci\u00f3n tiene que ver con un tema de complicidad,&nbsp;no hay un criterio para juzgar&nbsp;con perspectiva&nbsp;de g\u00e9nero; un criterio que se le ha venido demandando al Tribunal desde hace muchos a\u00f1os\u201d, recrimin\u00f3.<\/p>\n\n\n\n<p>\u201cQueremos denunciar p\u00fablicamente al magistrado Arturo\u00a0de Le\u00f3n Vega, \u00c1ngel Alejo Torres, y Elizabeth Roxana L\u00f3pez Luna que sin duda alguna tendr\u00edan que ser sometidas por parte de este Consejo de la Judicatura a revisi\u00f3n de sus actuaciones e investigaci\u00f3n inmediata porque realmente es absurda la forma en la que echaron hac\u00eda atr\u00e1s una resoluci\u00f3n que pintaba como de avanzada y que dejaba bien al Poder Judicial del Estado\u201d.\u00a0<\/p>\n\n\n\n<figure class=\"wp-block-embed is-type-rich is-provider-twitter wp-block-embed-twitter\"><div class=\"wp-block-embed__wrapper\">\n<div class=\"twitter-tweet\"><blockquote class=\"twitter-tweet\" data-lang=\"es\"><p lang=\"es\" dir=\"ltr\">Soledad Jarqu\u00edn, activistas, familiares de v\u00edctimas y <a href=\"https:\/\/twitter.com\/consorciooaxaca?ref_src=twsrc%5Etfw\">@consorciooaxaca<\/a> protestaron en una sede del Poder Judicial del Estado, para denunciar la actuaci\u00f3n de tres jueces, por determinar un retroceso en favor de Heliodoro Charis Altamirano, acusado de robo de pertenencias de Mar\u00eda\u2026 <a href=\"https:\/\/t.co\/qITRgiSfYg\">pic.twitter.com\/qITRgiSfYg<\/a><\/p>&mdash; Zona Roja Oaxaca (@ZonaRoja_Oaxaca) <a href=\"https:\/\/twitter.com\/ZonaRoja_Oaxaca\/status\/1679544502271479808?ref_src=twsrc%5Etfw\">13 de julio de 2023<\/a><\/blockquote><\/div>\n<\/div><\/figure>\n\n\n\n<p>Y precis\u00f3: \u201clo que est\u00e1 diciendo el Tribunal es: maten, asesinen, roben, comentan il\u00edcitos y no va a pasar nada; el nivel de compadrazgo que tienen los actores involucrados en el&nbsp;feminicidio&nbsp;y dem\u00e1s delitos con nexos que se cometieron en el caso de Mar\u00eda del&nbsp;Sol son evidentes\u201d.<\/p>\n\n\n\n<p>En consecuencia, se&nbsp;dicta una nueva resoluci\u00f3n parcial que disminuye la pena de 13 a 9 a\u00f1os con 7 meses, desestima la gravedad de la culpabilidad y niega valor a la&nbsp;obra art\u00edstica contenida en el equipo de trabajo robado.<\/p>\n\n\n\n<p>El 2 de junio de 2018, Mar\u00eda del Sol Cruz&nbsp;Jarqu\u00edn, quien fung\u00eda como&nbsp;jefa de Comunicaci\u00f3n Ind\u00edgena Intercultural de la entonces Secretar\u00eda de Asuntos Ind\u00edgenas del Gobierno del Estado,&nbsp;fue v\u00edctima de&nbsp;feminicidio&nbsp;en Juchit\u00e1n de Zaragoza, lugar en donde se encontraba, obligada por quien era su jefe, Francisco Montero L\u00f3pez,&nbsp;a&nbsp;cubrir la campa\u00f1a electoral de su hermano&nbsp;Hageo&nbsp;Montero L\u00f3pez.&nbsp;<\/p>\n\n\n\n<p>El&nbsp;entonces funcionario de la Secretar\u00eda de Asuntos Ind\u00edgenas,&nbsp;Heliodoro Altamirano&nbsp;Charis, sabiendo ya del asesinato de&nbsp;Mar\u00eda&nbsp;del Sol,&nbsp;se present\u00f3 en el hotel donde&nbsp;ella&nbsp;estaba hospedada y se apoder\u00f3 ilegalmente de su computadora, c\u00e1mara fotogr\u00e1fica y de video.<\/p>\n\n\n\n<p>\u201cUna vez m\u00e1s se demuestra que en Oaxaca se asesina la justicia. Seguiremos exigiendo justicia y evidenciando el actuar del Poder Judicial del Estado y de las dem\u00e1s autoridades que tienen la obligaci\u00f3n de atender a las mujeres en situaci\u00f3n de violencia\u201d, subray\u00f3 la defensora de derechos humanos Soledad&nbsp;Jarqu\u00edn&nbsp;\u00c9dgar.&nbsp;<\/p>\n\n\n\n<p>Cabe destacar que en el marco de la clausura simb\u00f3lica, se&nbsp;registr\u00f3&nbsp;una acci\u00f3n&nbsp;de&nbsp;intimidaci\u00f3n&nbsp;por parte del Estado al enviar patrullas de Protecci\u00f3n Federal&nbsp;y de la Guardia Nacional a circular justamente enfrente de donde se llevaba a cabo&nbsp;la actividad.<\/p>\n\n\n\n<p>(Comunicado)<\/p>\n","protected":false},"excerpt":{"rendered":"<p>Redacci\u00f3n\/Zona Roja. Oaxaca de Ju\u00e1rez, Oax., a 13 de julio de 2023.- &nbsp;Acompa\u00f1ada&nbsp;por la organizaci\u00f3n&hellip;<\/p>\n","protected":false},"author":2,"featured_media":57528,"comment_status":"closed","ping_status":"open","sticky":false,"template":"","format":"standard","meta":{"_lmt_disableupdate":"","_lmt_disable":"","_jetpack_memberships_contains_paid_content":false,"footnotes":""},"categories":[109,47],"tags":[1105],"class_list":["post-57527","post","type-post","status-publish","format-standard","has-post-thumbnail","hentry","category-minuto-a-minuto","category-zona-gris","tag-soledad-jarquin-edgar"],"jetpack_featured_media_url":"https:\/\/zonaroja.com.mx\/wp-content\/uploads\/2023\/07\/Protesta-Consorcio-y-Soledad-Jarquin.jpg","jetpack_sharing_enabled":true,"_links":{"self":[{"href":"https:\/\/zonaroja.com.mx\/index.php?rest_route=\/wp\/v2\/posts\/57527","targetHints":{"allow":["GET"]}}],"collection":[{"href":"https:\/\/zonaroja.com.mx\/index.php?rest_route=\/wp\/v2\/posts"}],"about":[{"href":"https:\/\/zonaroja.com.mx\/index.php?rest_route=\/wp\/v2\/types\/post"}],"author":[{"embeddable":true,"href":"https:\/\/zonaroja.com.mx\/index.php?rest_route=\/wp\/v2\/users\/2"}],"replies":[{"embeddable":true,"href":"https:\/\/zonaroja.com.mx\/index.php?rest_route=%2Fwp%2Fv2%2Fcomments&post=57527"}],"version-history":[{"count":1,"href":"https:\/\/zonaroja.com.mx\/index.php?rest_route=\/wp\/v2\/posts\/57527\/revisions"}],"predecessor-version":[{"id":57529,"href":"https:\/\/zonaroja.com.mx\/index.php?rest_route=\/wp\/v2\/posts\/57527\/revisions\/57529"}],"wp:featuredmedia":[{"embeddable":true,"href":"https:\/\/zonaroja.com.mx\/index.php?rest_route=\/wp\/v2\/media\/57528"}],"wp:attachment":[{"href":"https:\/\/zonaroja.com.mx\/index.php?rest_route=%2Fwp%2Fv2%2Fmedia&parent=57527"}],"wp:term":[{"taxonomy":"category","embeddable":true,"href":"https:\/\/zonaroja.com.mx\/index.php?rest_route=%2Fwp%2Fv2%2Fcategories&post=57527"},{"taxonomy":"post_tag","embeddable":true,"href":"https:\/\/zonaroja.com.mx\/index.php?rest_route=%2Fwp%2Fv2%2Ftags&post=57527"}],"curies":[{"name":"wp","href":"https:\/\/api.w.org\/{rel}","templated":true}]}}