{"id":57530,"date":"2023-07-13T22:49:25","date_gmt":"2023-07-14T03:49:25","guid":{"rendered":"http:\/\/www.zonaroja.com.mx\/?p=57530"},"modified":"2023-07-13T22:49:27","modified_gmt":"2023-07-14T03:49:27","slug":"otro-reves-para-amlo-el-ine-le-ordena-no-hablar-mas-de-xochitl-galvez","status":"publish","type":"post","link":"https:\/\/zonaroja.com.mx\/?p=57530","title":{"rendered":"Otro rev\u00e9s para AMLO: el INE le ordena no hablar m\u00e1s de X\u00f3chitl G\u00e1lvez"},"content":{"rendered":"\n<p>Redacci\u00f3n\/Zona Roja Cdmx.<\/p>\n\n\n\n<p>Ciudad de M\u00e9xico, a 13 de julio de 2023.- El Instituto Nacional Electoral (INE) orden\u00f3 al presidente Andr\u00e9s Manuel L\u00f3pez Obrador abstenerse de hacer comentarios sobre X\u00f3chitl G\u00e1lvez, aspirante del Frente Amplio por M\u00e9xico (PAN, PRI, PRD), durante su conferencia matutina, en atenci\u00f3n a una queja ingresada por la senadora.<\/p>\n\n\n\n<p>Durante la sesi\u00f3n extraordinaria de esta tarde, la Comisi\u00f3n de Quejas aprob\u00f3 el proyecto propuesto por la Unidad T\u00e9cnica de lo Contencioso, pues se determin\u00f3 que son sus comentarios el Ejecutivo federal ha incurrido en vulnerar los principios de neutralidad y equidad.<\/p>\n\n\n\n<p>La consejera Claudia Zavala, presidenta de la comisi\u00f3n, resalt\u00f3 que el INE ya ha dado claridad al mandatario sobre lo que puede y no decir en su \u201cma\u00f1anera\u201d.<\/p>\n\n\n\n<p>\u201cCuando tuvimos una reuni\u00f3n con el Presidente de la Rep\u00fablica nos se\u00f1al\u00f3 que le di\u00e9ramos claridad respecto de lo que no ten\u00eda que hacer para que se guardara el orden constitucional, y hemos sido enf\u00e1ticos, me parece que s\u00ed hay claridad, los se\u00f1alamientos &nbsp;que puede verter el Presidente en la \u2018ma\u00f1anera\u2019 no deben estar relacionados ni a favor ni en contra\u201d.<\/p>\n\n\n\n<p>Adem\u00e1s, record\u00f3 que \u00e9l mismo propuso a Morena un modelo para el proceso interno, que incluye que \u00e9l no pueda hacer expresiones ni positivas ni negativas respecto de sus corcholatas presidenciables, acci\u00f3n que deber\u00eda replicar para los aspirantes de la oposici\u00f3n.<\/p>\n\n\n\n<p>Con ello, se orden\u00f3 al Presidente eliminar o modificar las conferencias de prensa en las que ha hecho menci\u00f3n de la senadora, y que se abstenga de emitir manifestaciones como las denunciadas<\/p>\n\n\n\n<p>El Presidente ha acumulado ocho conferencia matutinas en las que hace menci\u00f3n de la aspirante presidencial, a la que se\u00f1ala de ser una candidata de la \u201coligarqu\u00eda\u201d, surgida de la pr\u00e1ctica del \u201cdedazo\u201d, que es un \u201cglobo que quieren inflar\u201d y de ganar ser\u00eda una \u201cpelele\u201d porque estar\u00eda sometida a intereses particulares.<\/p>\n\n\n\n<p>(Informaci\u00f3n de \u201cEl Financiero\u201d)<\/p>\n","protected":false},"excerpt":{"rendered":"<p>Redacci\u00f3n\/Zona Roja Cdmx. Ciudad de M\u00e9xico, a 13 de julio de 2023.- El Instituto Nacional&hellip;<\/p>\n","protected":false},"author":2,"featured_media":57531,"comment_status":"closed","ping_status":"open","sticky":false,"template":"","format":"standard","meta":{"_lmt_disableupdate":"","_lmt_disable":"","_jetpack_memberships_contains_paid_content":false,"footnotes":""},"categories":[109,47],"tags":[3601],"class_list":["post-57530","post","type-post","status-publish","format-standard","has-post-thumbnail","hentry","category-minuto-a-minuto","category-zona-gris","tag-xochitl-galvez-ruiz"],"jetpack_featured_media_url":"https:\/\/zonaroja.com.mx\/wp-content\/uploads\/2023\/07\/Xochitl-Galvez-y-Lopez-Obrador.jpeg","jetpack_sharing_enabled":true,"_links":{"self":[{"href":"https:\/\/zonaroja.com.mx\/index.php?rest_route=\/wp\/v2\/posts\/57530","targetHints":{"allow":["GET"]}}],"collection":[{"href":"https:\/\/zonaroja.com.mx\/index.php?rest_route=\/wp\/v2\/posts"}],"about":[{"href":"https:\/\/zonaroja.com.mx\/index.php?rest_route=\/wp\/v2\/types\/post"}],"author":[{"embeddable":true,"href":"https:\/\/zonaroja.com.mx\/index.php?rest_route=\/wp\/v2\/users\/2"}],"replies":[{"embeddable":true,"href":"https:\/\/zonaroja.com.mx\/index.php?rest_route=%2Fwp%2Fv2%2Fcomments&post=57530"}],"version-history":[{"count":1,"href":"https:\/\/zonaroja.com.mx\/index.php?rest_route=\/wp\/v2\/posts\/57530\/revisions"}],"predecessor-version":[{"id":57532,"href":"https:\/\/zonaroja.com.mx\/index.php?rest_route=\/wp\/v2\/posts\/57530\/revisions\/57532"}],"wp:featuredmedia":[{"embeddable":true,"href":"https:\/\/zonaroja.com.mx\/index.php?rest_route=\/wp\/v2\/media\/57531"}],"wp:attachment":[{"href":"https:\/\/zonaroja.com.mx\/index.php?rest_route=%2Fwp%2Fv2%2Fmedia&parent=57530"}],"wp:term":[{"taxonomy":"category","embeddable":true,"href":"https:\/\/zonaroja.com.mx\/index.php?rest_route=%2Fwp%2Fv2%2Fcategories&post=57530"},{"taxonomy":"post_tag","embeddable":true,"href":"https:\/\/zonaroja.com.mx\/index.php?rest_route=%2Fwp%2Fv2%2Ftags&post=57530"}],"curies":[{"name":"wp","href":"https:\/\/api.w.org\/{rel}","templated":true}]}}