{"id":57534,"date":"2023-07-14T08:05:35","date_gmt":"2023-07-14T13:05:35","guid":{"rendered":"http:\/\/www.zonaroja.com.mx\/?p=57534"},"modified":"2023-07-14T08:35:45","modified_gmt":"2023-07-14T13:35:45","slug":"accidentes-viales-dejan-cinco-personas-fallecidas-en-oaxaca-en-24-horas","status":"publish","type":"post","link":"https:\/\/zonaroja.com.mx\/?p=57534","title":{"rendered":"Accidentes viales dejan 6 personas fallecidas en Oaxaca, en poco m\u00e1s de 24 horas"},"content":{"rendered":"\n<p>Redacci\u00f3n\/Zona Roja.<\/p>\n\n\n\n<p>Oaxaca de Ju\u00e1rez, Oax., a 14 de julio de 2023.- Al menos seis personas han perdido la vida en poco m\u00e1s de 24 horas en el estado de Oaxaca, a causa de percances viales.<\/p>\n\n\n\n<p>Un reciente hecho ocurri\u00f3 anoche en la carretera federal 190, tramo Tehuantepec-Juchit\u00e1n, cerca del acceso a la localidad de Puente Madera, en la regi\u00f3n del Istmo.<\/p>\n\n\n\n<p>Dos veh\u00edculos chocaron de frente, un Volkswagen tipo Jetta y un Volkswagen tipo Pointer, lo que dej\u00f3 como saldo una persona fallecida y una m\u00e1s lesionada. Corporaciones policiacas y de auxilio laboraron por unas dos horas para rescatar los cuerpos de las v\u00edctimas, que a\u00fan no han sido identificadas.<\/p>\n\n\n\n<p>Horas antes, en el municipio de Salina Cruz, una camioneta de reciente modelo se impact\u00f3 en la parte trasera de un tr\u00e1iler estacionado, por lo que dos personas perdieron la vida.<\/p>\n\n\n\n<p>Posteriormente las v\u00edctimas fueron identificadas como Tito S. J. y Jes\u00fas P. C., mientras que dos mujeres resultaron lesionadas; todos eran originarios del municipio de Juchit\u00e1n de Zaragoza.<\/p>\n\n\n\n<p>Tambi\u00e9n ayer pero en un hospital del estado de Veracruz, perdi\u00f3 la vida la profesora Kary Le\u00f3n Gayt\u00e1n, quien la v\u00edspera fue atropellada cuando viajaba a bordo de una motocicleta en el bulevar Bicentenario de San Juan Bautista Tuxtepec.<\/p>\n\n\n\n<p>La docente era integrante de la delegaci\u00f3n que bailar\u00e1 la \u00abFlor de Pi\u00f1a\u00bb en la Guelaguetza que se realiza en la capital de Oaxaca y tambi\u00e9n estaba afiliada a la Secci\u00f3n 22 del Sindicato Nacional de Trabajadores de la Educaci\u00f3n (SNTE).<\/p>\n\n\n\n<p>Por otra parte, la noche del mi\u00e9rcoles se registr\u00f3 otro accidente por parte de un motociclista, en la carretera federal 175 Oaxaca-Puerto \u00c1ngel, a la altura de San Pedro Ap\u00f3stol, Ocotl\u00e1n.<\/p>\n\n\n\n<p>Presuntamente el conductor de la unidad choc\u00f3 contra una unidad de motor estacionada, tipo Torton, por lo cual perdi\u00f3 la vida en el mismo lugar; fue identificado de manera preliminar como Fernando R. C.<\/p>\n\n\n\n<p>En tanto que la ma\u00f1ana del mismo mi\u00e9rcoles, en el hospital general de Juchit\u00e1n muri\u00f3 un migrante, con lo que suman cuatro las v\u00edctimas de un percance de un mototaxi ocurrido el domingo en la carretera Oaxaca-Chiapas, cerca de Santiago Niltepec.<\/p>\n","protected":false},"excerpt":{"rendered":"<p>Redacci\u00f3n\/Zona Roja. Oaxaca de Ju\u00e1rez, Oax., a 14 de julio de 2023.- Al menos seis&hellip;<\/p>\n","protected":false},"author":2,"featured_media":57535,"comment_status":"closed","ping_status":"open","sticky":false,"template":"","format":"standard","meta":{"_lmt_disableupdate":"","_lmt_disable":"","_jetpack_memberships_contains_paid_content":false,"footnotes":""},"categories":[109,47],"tags":[3416],"class_list":["post-57534","post","type-post","status-publish","format-standard","has-post-thumbnail","hentry","category-minuto-a-minuto","category-zona-gris","tag-accidentes-carreteros-oaxaca"],"jetpack_featured_media_url":"https:\/\/zonaroja.com.mx\/wp-content\/uploads\/2023\/07\/Accidente-Salina-Cruz-dos-muertos.jpg","jetpack_sharing_enabled":true,"_links":{"self":[{"href":"https:\/\/zonaroja.com.mx\/index.php?rest_route=\/wp\/v2\/posts\/57534","targetHints":{"allow":["GET"]}}],"collection":[{"href":"https:\/\/zonaroja.com.mx\/index.php?rest_route=\/wp\/v2\/posts"}],"about":[{"href":"https:\/\/zonaroja.com.mx\/index.php?rest_route=\/wp\/v2\/types\/post"}],"author":[{"embeddable":true,"href":"https:\/\/zonaroja.com.mx\/index.php?rest_route=\/wp\/v2\/users\/2"}],"replies":[{"embeddable":true,"href":"https:\/\/zonaroja.com.mx\/index.php?rest_route=%2Fwp%2Fv2%2Fcomments&post=57534"}],"version-history":[{"count":2,"href":"https:\/\/zonaroja.com.mx\/index.php?rest_route=\/wp\/v2\/posts\/57534\/revisions"}],"predecessor-version":[{"id":57551,"href":"https:\/\/zonaroja.com.mx\/index.php?rest_route=\/wp\/v2\/posts\/57534\/revisions\/57551"}],"wp:featuredmedia":[{"embeddable":true,"href":"https:\/\/zonaroja.com.mx\/index.php?rest_route=\/wp\/v2\/media\/57535"}],"wp:attachment":[{"href":"https:\/\/zonaroja.com.mx\/index.php?rest_route=%2Fwp%2Fv2%2Fmedia&parent=57534"}],"wp:term":[{"taxonomy":"category","embeddable":true,"href":"https:\/\/zonaroja.com.mx\/index.php?rest_route=%2Fwp%2Fv2%2Fcategories&post=57534"},{"taxonomy":"post_tag","embeddable":true,"href":"https:\/\/zonaroja.com.mx\/index.php?rest_route=%2Fwp%2Fv2%2Ftags&post=57534"}],"curies":[{"name":"wp","href":"https:\/\/api.w.org\/{rel}","templated":true}]}}