{"id":57539,"date":"2023-07-14T20:10:00","date_gmt":"2023-07-15T01:10:00","guid":{"rendered":"http:\/\/www.zonaroja.com.mx\/?p=57539"},"modified":"2023-07-15T09:03:21","modified_gmt":"2023-07-15T14:03:21","slug":"amlo-el-impulsor-involuntario-de-xochitl-galvez-rumbo-al-2024","status":"publish","type":"post","link":"https:\/\/zonaroja.com.mx\/?p=57539","title":{"rendered":"AMLO, el \u00abimpulsor involuntario\u00bb de X\u00f3chitl G\u00e1lvez rumbo al 2024"},"content":{"rendered":"\n<p>Redacci\u00f3n\/Zona Roja Cdmx.<\/p>\n\n\n\n<p>Ciudad de M\u00e9xico, a 15 de julio de 2023.- El 5 de diciembre de 2022, en Campeche, inici\u00f3 la carrera de X\u00f3chitl G\u00e1lvez hacia la Presidencia de la Rep\u00fablica.\u00a0<\/p>\n\n\n\n<p>En la conferencia matutina de ese d\u00eda luego de abordar el tema de seguridad en Zacatecas y del Instituto Nacional Electoral (INE), el presidente Andr\u00e9s Manuel L\u00f3pez Obrador habl\u00f3 de G\u00e1lvez Ruiz y, sin propon\u00e9rselo, en ese momento hizo que el futuro pol\u00edtico de la senadora panista se perfilara rumbo a Palacio Nacional.<\/p>\n\n\n\n<p>\u201cAcaba de decir la se\u00f1ora X\u00f3chitl G\u00e1lvez que ella va a quitar los programas de apoyo a los adultos mayores, lo mismo plante\u00f3 la que era candidata del PRI en Hidalgo, y han votado para que no se apoye a los adultos mayores, ni se apoye la educaci\u00f3n p\u00fablica, ni se apoye la salud p\u00fablica, que no se entreguen becas a personas con discapacidad, porque todo eso para ellos es populismo, es paternalismo\u201d, acus\u00f3 L\u00f3pez Obrador la ma\u00f1ana de aquel lunes .<\/p>\n\n\n\n<p>Ese fue el momento en que la carrera para X\u00f3chitl G\u00e1lvez a la Presidencia de la Rep\u00fablica comenz\u00f3.&nbsp;<\/p>\n\n\n\n<p>Pues a ese se\u00f1alamiento vinieron otros desencuentros, una solicitud de derecho de r\u00e9plica hasta un intento de \u201cportazo\u201d en Palacio Nacional.<\/p>\n\n\n\n<p>Ahora, a 11 meses de la elecci\u00f3n presidencial del 2024 , X\u00f3chitl G\u00e1lvez est\u00e1 logrando lo que la oposici\u00f3n no hab\u00eda podido: que el presidente Andr\u00e9s Manuel L\u00f3pez Obrador la perciba como un riesgo y hacer que la contienda electoral no sea un d\u00eda de campo para Morena y la futura \u201ccorcholata\u201d de ese partido, explican polit\u00f3logos.<\/p>\n\n\n\n<p>Originaria de Tepatec, X\u00f3chitl G\u00e1lvez es una empresaria que incursion\u00f3 en la vida pol\u00edtica y p\u00fablica de M\u00e9xico desde hace dos d\u00e9cadas.&nbsp;<\/p>\n\n\n\n<p>Sin embargo, no se le ve\u00eda como aspirante a la candidatura presidencial, sino a la Jefatura de Gobierno. En encuestas que miden las preferencias de los capitalinos para elegir a su pr\u00f3ximo jefe de gobierno, G\u00e1lvez encabezaba la lista.<\/p>\n\n\n\n<p>Pero, los se\u00f1alamientos del presidente Andr\u00e9s Manuel L\u00f3pez Obrador respecto a que ella se opon\u00eda a programas de apoyo de adultos mayores y no permitirle el ingreso a Palacio Nacional para ejercer su derecho de r\u00e9plica, hicieron que G\u00e1lvez Ruiz aspirara a la Presidencia de la Rep\u00fablica y, de paso, le resolviera un problema a la oposici\u00f3n: la falta de un candidato atractivo, competitivo y capaz de dar \u201cbatalla\u201d en las elecciones del pr\u00f3ximo a\u00f1o.<\/p>\n\n\n\n<p>\u201cLa participaci\u00f3n de X\u00f3chitl G\u00e1lvez quita la idea de que el 2024 es una elecci\u00f3n ya decidida. Muchos dec\u00edan que si la elecci\u00f3n fuera ahora, es una victoria cantada para Morena, sin importar el candidato, sin embargo, no es as\u00ed y de eso est\u00e1n conscientes en Palacio Nacional y en Morena, por eso la reacci\u00f3n tan agresiva contra X\u00f3chitl G\u00e1lvez\u201d, sostiene la analista pol\u00edtica Ver\u00f3nica Ortiz.<\/p>\n\n\n\n<p>M\u00e1s detalles de la nota de Lidia Arista, en Expansi\u00f3n Pol\u00edtica:<\/p>\n\n\n\n<figure class=\"wp-block-embed\"><div class=\"wp-block-embed__wrapper\">\nhttps:\/\/politica.expansion.mx\/elecciones\/2023\/07\/13\/amlo-impulsor-involuntario-de-xochitl-galvez\n<\/div><\/figure>\n","protected":false},"excerpt":{"rendered":"<p>Redacci\u00f3n\/Zona Roja Cdmx. Ciudad de M\u00e9xico, a 15 de julio de 2023.- El 5 de&hellip;<\/p>\n","protected":false},"author":2,"featured_media":57540,"comment_status":"closed","ping_status":"open","sticky":false,"template":"","format":"standard","meta":{"_lmt_disableupdate":"","_lmt_disable":"","_jetpack_memberships_contains_paid_content":false,"footnotes":""},"categories":[109,47],"tags":[3601],"class_list":["post-57539","post","type-post","status-publish","format-standard","has-post-thumbnail","hentry","category-minuto-a-minuto","category-zona-gris","tag-xochitl-galvez-ruiz"],"jetpack_featured_media_url":"https:\/\/zonaroja.com.mx\/wp-content\/uploads\/2023\/07\/Xochitl-Galvez-Ruiz-y-Andres-Manuel-Lopez-Obrador.jpeg","jetpack_sharing_enabled":true,"_links":{"self":[{"href":"https:\/\/zonaroja.com.mx\/index.php?rest_route=\/wp\/v2\/posts\/57539","targetHints":{"allow":["GET"]}}],"collection":[{"href":"https:\/\/zonaroja.com.mx\/index.php?rest_route=\/wp\/v2\/posts"}],"about":[{"href":"https:\/\/zonaroja.com.mx\/index.php?rest_route=\/wp\/v2\/types\/post"}],"author":[{"embeddable":true,"href":"https:\/\/zonaroja.com.mx\/index.php?rest_route=\/wp\/v2\/users\/2"}],"replies":[{"embeddable":true,"href":"https:\/\/zonaroja.com.mx\/index.php?rest_route=%2Fwp%2Fv2%2Fcomments&post=57539"}],"version-history":[{"count":2,"href":"https:\/\/zonaroja.com.mx\/index.php?rest_route=\/wp\/v2\/posts\/57539\/revisions"}],"predecessor-version":[{"id":57605,"href":"https:\/\/zonaroja.com.mx\/index.php?rest_route=\/wp\/v2\/posts\/57539\/revisions\/57605"}],"wp:featuredmedia":[{"embeddable":true,"href":"https:\/\/zonaroja.com.mx\/index.php?rest_route=\/wp\/v2\/media\/57540"}],"wp:attachment":[{"href":"https:\/\/zonaroja.com.mx\/index.php?rest_route=%2Fwp%2Fv2%2Fmedia&parent=57539"}],"wp:term":[{"taxonomy":"category","embeddable":true,"href":"https:\/\/zonaroja.com.mx\/index.php?rest_route=%2Fwp%2Fv2%2Fcategories&post=57539"},{"taxonomy":"post_tag","embeddable":true,"href":"https:\/\/zonaroja.com.mx\/index.php?rest_route=%2Fwp%2Fv2%2Ftags&post=57539"}],"curies":[{"name":"wp","href":"https:\/\/api.w.org\/{rel}","templated":true}]}}