{"id":5755,"date":"2019-11-15T07:28:56","date_gmt":"2019-11-15T13:28:56","guid":{"rendered":"http:\/\/www.zonaroja.com.mx\/?p=5755"},"modified":"2019-11-15T07:41:15","modified_gmt":"2019-11-15T13:41:15","slug":"sustituyen-a-concepcion-rueda-en-delegacion-del-imss-oaxaca","status":"publish","type":"post","link":"https:\/\/zonaroja.com.mx\/?p=5755","title":{"rendered":"Sustituyen a Concepci\u00f3n Rueda en delegaci\u00f3n del IMSS Oaxaca"},"content":{"rendered":"\n<p>Redacci\u00f3n\/Zona Roja.<\/p>\n\n\n\n<p>Oaxaca de Ju\u00e1rez, Oax., 15 de noviembre\nde 2019.- Concepci\u00f3n Rueda G\u00f3mez fue destituida ayer como delegada del\nInstituto Mexicano del Seguro Social (IMSS) en Oaxaca.<\/p>\n\n\n\n<p>En su lugar fue designado el m\u00e9dico familiar\nJorge Mart\u00ednez Torres, originario de Xalapa, Veracruz.<\/p>\n\n\n\n<p>El reemplazo se anunci\u00f3 ayer y este d\u00eda\ncomienza funciones; no obstante, ser\u00e1 hasta el pr\u00f3ximo lunes en que tome\nposesi\u00f3n del cargo de manera formal.<\/p>\n\n\n\n<p>Mart\u00ednez Torres ha laborado en el IMSS\nde Puebla y en Yucat\u00e1n, adem\u00e1s de su estado natal; es egresado de la Facultad\nde Medicina de la Universidad Veracruzana.<\/p>\n\n\n\n<p>Rueda G\u00f3mez, ex panista y senadora\nsuplente de Susana Harp, inici\u00f3 funciones en enero pasado; sin embargo, desde\nel principio enfrent\u00f3 diversos se\u00f1alamientos de corrupci\u00f3n y nula investigaci\u00f3n\nen contra de ex funcionarios delegacionales se\u00f1alados de fraude.<\/p>\n\n\n\n<p>De la misma manera, fue acusada por sus\npropias compa\u00f1eras de acoso laboral y de beneficiar a empresas de sus familiares.<\/p>\n","protected":false},"excerpt":{"rendered":"<p>Redacci\u00f3n\/Zona Roja. Oaxaca de Ju\u00e1rez, Oax., 15 de noviembre de 2019.- Concepci\u00f3n Rueda G\u00f3mez fue&hellip;<\/p>\n","protected":false},"author":2,"featured_media":5759,"comment_status":"closed","ping_status":"open","sticky":false,"template":"","format":"standard","meta":{"_lmt_disableupdate":"","_lmt_disable":"","_jetpack_memberships_contains_paid_content":false,"footnotes":""},"categories":[109,46],"tags":[218,1013],"class_list":["post-5755","post","type-post","status-publish","format-standard","has-post-thumbnail","hentry","category-minuto-a-minuto","category-zona-blanca","tag-instituto-mexicano-del-seguro-social","tag-jorge-martinez-torres"],"jetpack_featured_media_url":"https:\/\/zonaroja.com.mx\/wp-content\/uploads\/2019\/11\/Image-1-45.png","jetpack_sharing_enabled":true,"_links":{"self":[{"href":"https:\/\/zonaroja.com.mx\/index.php?rest_route=\/wp\/v2\/posts\/5755","targetHints":{"allow":["GET"]}}],"collection":[{"href":"https:\/\/zonaroja.com.mx\/index.php?rest_route=\/wp\/v2\/posts"}],"about":[{"href":"https:\/\/zonaroja.com.mx\/index.php?rest_route=\/wp\/v2\/types\/post"}],"author":[{"embeddable":true,"href":"https:\/\/zonaroja.com.mx\/index.php?rest_route=\/wp\/v2\/users\/2"}],"replies":[{"embeddable":true,"href":"https:\/\/zonaroja.com.mx\/index.php?rest_route=%2Fwp%2Fv2%2Fcomments&post=5755"}],"version-history":[{"count":1,"href":"https:\/\/zonaroja.com.mx\/index.php?rest_route=\/wp\/v2\/posts\/5755\/revisions"}],"predecessor-version":[{"id":5757,"href":"https:\/\/zonaroja.com.mx\/index.php?rest_route=\/wp\/v2\/posts\/5755\/revisions\/5757"}],"wp:featuredmedia":[{"embeddable":true,"href":"https:\/\/zonaroja.com.mx\/index.php?rest_route=\/wp\/v2\/media\/5759"}],"wp:attachment":[{"href":"https:\/\/zonaroja.com.mx\/index.php?rest_route=%2Fwp%2Fv2%2Fmedia&parent=5755"}],"wp:term":[{"taxonomy":"category","embeddable":true,"href":"https:\/\/zonaroja.com.mx\/index.php?rest_route=%2Fwp%2Fv2%2Fcategories&post=5755"},{"taxonomy":"post_tag","embeddable":true,"href":"https:\/\/zonaroja.com.mx\/index.php?rest_route=%2Fwp%2Fv2%2Ftags&post=5755"}],"curies":[{"name":"wp","href":"https:\/\/api.w.org\/{rel}","templated":true}]}}