{"id":57552,"date":"2023-07-15T11:30:00","date_gmt":"2023-07-15T16:30:00","guid":{"rendered":"http:\/\/www.zonaroja.com.mx\/?p=57552"},"modified":"2023-07-15T09:01:27","modified_gmt":"2023-07-15T14:01:27","slug":"sin-comprobar-mas-de-351-2-mdp-edil-de-zaachila-mientras-problemas-crecen","status":"publish","type":"post","link":"https:\/\/zonaroja.com.mx\/?p=57552","title":{"rendered":"Sin comprobar m\u00e1s de 351.2 mdp edil de Zaachila, mientras problemas crecen"},"content":{"rendered":"\n<p>Yuridiana Sosa\/Zona Roja.<\/p>\n\n\n\n<p>Oaxaca de Ju\u00e1rez, Oax. a 15 de julio de 2023.- En medio de diversos conflictos que enfrenta el presidente municipal de Villa de Zaachila, Rigoberto Chac\u00f3n P\u00e9rez, por ingobernabilidad, la Auditor\u00eda Superior de la Federaci\u00f3n revel\u00f3 que el ayuntamiento no ha comprobado recursos por un monto de 351 millones 239 mil 54.28 pesos.<\/p>\n\n\n\n<p>De acuerdo con el documento p\u00fablico son recursos provenientes del Ramo General 33 y 28, de los ejercicios fiscales 2022 (primer a\u00f1o de gobierno) y 2023 (segundo a\u00f1o).<\/p>\n\n\n\n<p>Los faltantes son parte del Fondo de Aportaciones para la Infraestructura Social (FISM), Fondo de Aportaciones para el Fortalecimiento de los Municipios (Fortamun), del ramo 33. Del Ramo 28, de participaciones, y de ingresos propios.<\/p>\n\n\n\n<p>Del a\u00f1o 2022, existe un total sin comprobar de 169 millones, 798 mil, 603.39 pesos, de los que 62 millones, 884 mil 765 corresponden al FISM FIII; 34 millones 598 mil 315.79 al Fortamun FIV; 55 millones 864 mil 482 del Ramo 28 y de ingresos propios, 16 millones, 451 mil 40.60 pesos.<\/p>\n\n\n\n<p>En lo que va del 2023 se suma la cantidad de 181 millones, 440 mil, 450.89 pesos. Para el a\u00f1o en curso, la comprobaci\u00f3n faltante del FISM FIII es de 71 millones, 656 mil 327 pesos ; 41 millones, 583 mil, 512 pesos al Fortamun FIV; 68 millones 200 mil 611 pesos del Ramo 28, en tanto que en esta ocasi\u00f3n no se incluyeron los ingresos propios.<\/p>\n\n\n\n<p>ADVERTENCIA<\/p>\n\n\n\n<p>A mediados de este a\u00f1o, la s\u00edndica Municipal de Zaachila, Isabel M\u00e9ndez Javier, denunci\u00f3 los probables desv\u00edos de recursos por parte del edil Rigoberto Chac\u00f3n.<\/p>\n\n\n\n<p>La funcionaria exhibi\u00f3 que a consecuencia de exigir la aclaraci\u00f3n de los recursos p\u00fablicos aplicados en el ejercicio fiscal 2022, el presidente municipal inici\u00f3 con actos relacionados a la violencia pol\u00edtica.<\/p>\n\n\n\n<p>M\u00e9ndez Javier declar\u00f3 que hab\u00eda requerido al presidente y a la tesorera, Yesenia Rodr\u00edguez Le\u00f3n, un informe detallado del 2022, pues como s\u00edndica no ten\u00eda informaci\u00f3n de diversos actos.<\/p>\n\n\n\n<p>DE CABEZA<\/p>\n\n\n\n<p>Antes de terminar su primer a\u00f1o de gobierno, Rigoberto Chac\u00f3n ya contaba con el descontento de la poblaci\u00f3n ante el cierre del basurero municipal en el mes de octubre, mismo que \u00e9l propici\u00f3, pero sin tener un plan alterno.<\/p>\n\n\n\n<p>Este a\u00f1o la situaci\u00f3n social empeor\u00f3, pues no s\u00f3lo creci\u00f3 la inconformidad ciudadana, tambi\u00e9n se registr\u00f3 una crisis en la Polic\u00eda Municipal en la que a falta de equipamiento y condiciones laborales se realiza un paro de labores.<\/p>\n\n\n\n<p>En ambos casos se denunci\u00f3 el desinter\u00e9s del edil por atender a los diversos grupos de la poblaci\u00f3n.<\/p>\n\n\n\n<p>Por una parte, los elementos apuntan que el edil en lugar de resolver las demandas, que al final impactan en la seguridad p\u00fablica, los amenaza con despidos.<\/p>\n\n\n\n<p>Mientras que la poblaci\u00f3n, representada por medio de un Consejo Ciudadano, se manifest\u00f3 por segunda ocasi\u00f3n el 12 de julio, arrojando basura en el Palacio Municipal, calles del municipio y en casa del edil, para exigir soluci\u00f3n a la crisis sanitaria.<\/p>\n\n\n\n<p>Ante la incapacidad de Chac\u00f3n P\u00e9rez, los ciudadanos demandaron la intervenci\u00f3n de la Secretar\u00eda de Gobierno.<\/p>\n\n\n\n<p>Tras la protesta, el gobierno del estado recibi\u00f3 a los inconformes en una mesa de di\u00e1logo en la que particip\u00f3 la autoridad municipal, a fin de resolver el problema de la recolecci\u00f3n y tratamiento de residuos s\u00f3lidos.<\/p>\n\n\n\n<p>Pero ser\u00e1 la Sego la que d\u00e9 seguimiento al caso, inform\u00f3 el Consejo Ciudadano, que a su vez indic\u00f3 que se llevar\u00e1 a cabo una reuni\u00f3n informativa con la poblaci\u00f3n el 14 de julio para dar a conocer los puntos abordados en la mesa de trabajo con el gobierno de Oaxaca.<\/p>\n\n\n\n<p>NIEGAN M\u00c1S PRESUPUESTO<\/p>\n\n\n\n<p>La 65 Legislatura de Oaxaca neg\u00f3 este mi\u00e9rcoles, en sesi\u00f3n ordinaria, una ampliaci\u00f3n del presupuesto al ayuntamiento de Villa de Zaachila, gobernado por el morenista Rigoberto Chac\u00f3n.<\/p>\n\n\n\n<p>Co 23 votos a favor, los legisladores aprobaron el acuerdo por el que estima improcedente que el Congreso de Oaxaca, expida un decreto especial por el que se autorice al Honorable Ayuntamiento de Villa de Zaachila la ampliaci\u00f3n del presupuesto de egresos del ejercicio fiscal 2022 y 2023 para realizar el pago de las sentencias dictadas en los juicios 39\/2019 y 459\/2016, radicados en la Primera Sala Unitaria de Primera Instancia del Tribunal de Justicia Administrativa del Estado de Oaxaca.<\/p>\n","protected":false},"excerpt":{"rendered":"<p>Yuridiana Sosa\/Zona Roja. Oaxaca de Ju\u00e1rez, Oax. a 15 de julio de 2023.- En medio&hellip;<\/p>\n","protected":false},"author":2,"featured_media":57487,"comment_status":"closed","ping_status":"open","sticky":false,"template":"","format":"standard","meta":{"_lmt_disableupdate":"","_lmt_disable":"","_jetpack_memberships_contains_paid_content":false,"footnotes":""},"categories":[109,47],"tags":[155],"class_list":["post-57552","post","type-post","status-publish","format-standard","has-post-thumbnail","hentry","category-minuto-a-minuto","category-zona-gris","tag-villa-de-zaachila"],"jetpack_featured_media_url":"https:\/\/zonaroja.com.mx\/wp-content\/uploads\/2023\/07\/Palacio-municipal-Villa-de-Zaachila.jpg","jetpack_sharing_enabled":true,"_links":{"self":[{"href":"https:\/\/zonaroja.com.mx\/index.php?rest_route=\/wp\/v2\/posts\/57552","targetHints":{"allow":["GET"]}}],"collection":[{"href":"https:\/\/zonaroja.com.mx\/index.php?rest_route=\/wp\/v2\/posts"}],"about":[{"href":"https:\/\/zonaroja.com.mx\/index.php?rest_route=\/wp\/v2\/types\/post"}],"author":[{"embeddable":true,"href":"https:\/\/zonaroja.com.mx\/index.php?rest_route=\/wp\/v2\/users\/2"}],"replies":[{"embeddable":true,"href":"https:\/\/zonaroja.com.mx\/index.php?rest_route=%2Fwp%2Fv2%2Fcomments&post=57552"}],"version-history":[{"count":2,"href":"https:\/\/zonaroja.com.mx\/index.php?rest_route=\/wp\/v2\/posts\/57552\/revisions"}],"predecessor-version":[{"id":57604,"href":"https:\/\/zonaroja.com.mx\/index.php?rest_route=\/wp\/v2\/posts\/57552\/revisions\/57604"}],"wp:featuredmedia":[{"embeddable":true,"href":"https:\/\/zonaroja.com.mx\/index.php?rest_route=\/wp\/v2\/media\/57487"}],"wp:attachment":[{"href":"https:\/\/zonaroja.com.mx\/index.php?rest_route=%2Fwp%2Fv2%2Fmedia&parent=57552"}],"wp:term":[{"taxonomy":"category","embeddable":true,"href":"https:\/\/zonaroja.com.mx\/index.php?rest_route=%2Fwp%2Fv2%2Fcategories&post=57552"},{"taxonomy":"post_tag","embeddable":true,"href":"https:\/\/zonaroja.com.mx\/index.php?rest_route=%2Fwp%2Fv2%2Ftags&post=57552"}],"curies":[{"name":"wp","href":"https:\/\/api.w.org\/{rel}","templated":true}]}}