{"id":57559,"date":"2023-07-14T09:05:44","date_gmt":"2023-07-14T14:05:44","guid":{"rendered":"http:\/\/www.zonaroja.com.mx\/?p=57559"},"modified":"2023-07-14T09:05:46","modified_gmt":"2023-07-14T14:05:46","slug":"denuncian-que-edil-de-la-villa-de-mitla-lucra-con-tiradero","status":"publish","type":"post","link":"https:\/\/zonaroja.com.mx\/?p=57559","title":{"rendered":"Denuncian que edil de la Villa de Mitla lucra con tiradero"},"content":{"rendered":"\n<p>Redacci\u00f3n\/Zona Roja.<\/p>\n\n\n\n<p>Oaxaca de Ju\u00e1rez, Oax., a 14 de julio de 2023.- Pobladores de la Villa de Mitla denunciaron a su presidente municipal, el panista Luis Armando Olivera, de lucrar con el tiradero de basura, lo cual genera una mayor contaminaci\u00f3n.<\/p>\n\n\n\n<p>Y es que, seg\u00fan dieron a conocer, el mun\u00edcipe \u2014que se ha opuesto a la instalaci\u00f3n de un centro de reciclaje en San Lorenzo Albarradas\u2014 ha permitido la llegada de desechos de otros municipios.<\/p>\n\n\n\n<p>Con ello, ha cobrado miles de pesos por cada descarga, sin dar cuenta al ayuntamiento ni a la poblaci\u00f3n de los ingresos adicionales.<\/p>\n\n\n\n<p>\u201cEs un falso ecologista y mentiroso defensor del pueblo\u201d, acusaron los habitantes de dicho municipio ubicado a unos 40 kil\u00f3metros al oriente de la capital.<\/p>\n\n\n\n<p>Desde hace varios meses, el edil Luis Armando Olivera estar\u00eda recibiendo toneladas de basura de otros municipios, con el respectivo cobro extraordinario que, seg\u00fan los vecinos inconformes, ser\u00eda de 10 mil pesos mensual por cada municipio.<\/p>\n\n\n\n<p>Los quejosos pidieron la intervenci\u00f3n de la Procuradur\u00eda Federal de Protecci\u00f3n al Ambiente (Profepa) y de la Procuradur\u00eda de Protecci\u00f3n al Ambiente del Estado de Oaxaca, con la finalidad de que verifiquen la informaci\u00f3n.<\/p>\n\n\n\n<p>Lamentaron que Mitla, uno de los sitios tur\u00edsticos m\u00e1s importantes de la entidad, siga siendo basurero de varios municipios, en lugar de que el cuestionado edil se dedique a proteger el patrimonio y el medio ambiente.<\/p>\n","protected":false},"excerpt":{"rendered":"<p>Redacci\u00f3n\/Zona Roja. Oaxaca de Ju\u00e1rez, Oax., a 14 de julio de 2023.- Pobladores de la&hellip;<\/p>\n","protected":false},"author":2,"featured_media":57560,"comment_status":"closed","ping_status":"open","sticky":false,"template":"","format":"standard","meta":{"_lmt_disableupdate":"","_lmt_disable":"","_jetpack_memberships_contains_paid_content":false,"footnotes":""},"categories":[109,47],"tags":[1127],"class_list":["post-57559","post","type-post","status-publish","format-standard","has-post-thumbnail","hentry","category-minuto-a-minuto","category-zona-gris","tag-san-pablo-villa-de-mitla"],"jetpack_featured_media_url":"https:\/\/zonaroja.com.mx\/wp-content\/uploads\/2023\/07\/tiradero-Villa-de-Mitla.jpg","jetpack_sharing_enabled":true,"_links":{"self":[{"href":"https:\/\/zonaroja.com.mx\/index.php?rest_route=\/wp\/v2\/posts\/57559","targetHints":{"allow":["GET"]}}],"collection":[{"href":"https:\/\/zonaroja.com.mx\/index.php?rest_route=\/wp\/v2\/posts"}],"about":[{"href":"https:\/\/zonaroja.com.mx\/index.php?rest_route=\/wp\/v2\/types\/post"}],"author":[{"embeddable":true,"href":"https:\/\/zonaroja.com.mx\/index.php?rest_route=\/wp\/v2\/users\/2"}],"replies":[{"embeddable":true,"href":"https:\/\/zonaroja.com.mx\/index.php?rest_route=%2Fwp%2Fv2%2Fcomments&post=57559"}],"version-history":[{"count":1,"href":"https:\/\/zonaroja.com.mx\/index.php?rest_route=\/wp\/v2\/posts\/57559\/revisions"}],"predecessor-version":[{"id":57561,"href":"https:\/\/zonaroja.com.mx\/index.php?rest_route=\/wp\/v2\/posts\/57559\/revisions\/57561"}],"wp:featuredmedia":[{"embeddable":true,"href":"https:\/\/zonaroja.com.mx\/index.php?rest_route=\/wp\/v2\/media\/57560"}],"wp:attachment":[{"href":"https:\/\/zonaroja.com.mx\/index.php?rest_route=%2Fwp%2Fv2%2Fmedia&parent=57559"}],"wp:term":[{"taxonomy":"category","embeddable":true,"href":"https:\/\/zonaroja.com.mx\/index.php?rest_route=%2Fwp%2Fv2%2Fcategories&post=57559"},{"taxonomy":"post_tag","embeddable":true,"href":"https:\/\/zonaroja.com.mx\/index.php?rest_route=%2Fwp%2Fv2%2Ftags&post=57559"}],"curies":[{"name":"wp","href":"https:\/\/api.w.org\/{rel}","templated":true}]}}