{"id":57569,"date":"2023-07-14T16:32:46","date_gmt":"2023-07-14T21:32:46","guid":{"rendered":"http:\/\/www.zonaroja.com.mx\/?p=57569"},"modified":"2023-07-14T16:36:04","modified_gmt":"2023-07-14T21:36:04","slug":"la-seccion-22-de-snte-no-descarta-boicot-a-guelaguetza-de-oaxaca","status":"publish","type":"post","link":"https:\/\/zonaroja.com.mx\/?p=57569","title":{"rendered":"La Secci\u00f3n 22 de SNTE no descarta boicot a Guelaguetza de Oaxaca"},"content":{"rendered":"\n<p>Yuridiana Sosa\/Zona Roja.<\/p>\n\n\n\n<p>Oaxaca de Ju\u00e1rez, Oax., a 14 de julio de 2023.- La determinaci\u00f3n del boicot a la Guelaguetza oficial se mantiene vigente por parte de la Secci\u00f3n 22 del Sindicato Nacional de Trabajadores de la Educaci\u00f3n (SNTE), la cual record\u00f3 que, pese al periodo vacacional, las bases de mantienen en alerta m\u00e1xima.<\/p>\n\n\n\n<p>La secretaria General, Yenny Aracely P\u00e9rez Mart\u00ednez, se\u00f1al\u00f3 que el movimiento magisterial es \u201cimpredecible\u201d, por lo que no se deben descartar movilizaciones de protesta en torno a la celebraci\u00f3n de la Guelaguetza que organiza el Gobierno del Estado, a pesar que hasta el momento no se encuentran calendarizadas.<\/p>\n\n\n\n<p>Es as\u00ed que no descart\u00f3 la ejecuci\u00f3n del boicot a la fiesta del Lunes del Cerro, que puede ser el 17 o el 24 de julio, y \u201cel llamado ser\u00e1 emergente\u201d en caso que as\u00ed se requiera tras las respuestas que este viernes otorgar\u00e1 el gobierno de Oaxaca a los puntos pendientes a su pliego de demandas.<\/p>\n\n\n\n<p>P\u00e9rez Mart\u00ednez puntualiz\u00f3 en entrevista colectiva con los medios de comunicaci\u00f3n, que algunos de los puntos pendientes con el gobierno estatal sobre el pliego de peticiones son de car\u00e1cter administrativo, de incidencias, necesidades en 11 niveles, justicia, seguridad social y entrega de uniformes y \u00fatiles escolares.<\/p>\n\n\n\n<p>Destac\u00f3 que quieren respuestas concretas, pues existen varios compromisos establecidos en minutas de reuniones anteriores, pero no se han ejecutado, por lo que desde sus respectivos espacios de an\u00e1lisis expondr\u00e1n las respuestas al pliego de demandas y decir sobre las pr\u00f3ximas movilizaciones.<\/p>\n\n\n\n<p>EXIGEN JUSTICIA<\/p>\n\n\n\n<p>En tanto, este 16 de julio la Secci\u00f3n 22 del SNTE llevar\u00e1 a cabo una marcha en la capital oaxaque\u00f1a para recordar los actos represivos contra Emeterio Marino Cruz hace 16 a\u00f1os en el marco del boicot a la Guelaguetza oficial del a\u00f1o 2007.<\/p>\n\n\n\n<p>Merino Cruz fue brutalmente golpeado, detenido y torturado por la Polic\u00eda Estatal, lo que lo dej\u00f3 con importantes secuelas en su estado de salud.<\/p>\n\n\n\n<p>La marcha partir\u00e1 de las inmediaciones del cerro del \u201cFort\u00edn\u201d y avanzar\u00e1 hasta llegar al z\u00f3calo de la capital.<\/p>\n\n\n\n<figure class=\"wp-block-embed is-type-rich is-provider-twitter wp-block-embed-twitter\"><div class=\"wp-block-embed__wrapper\">\n<div class=\"twitter-tweet\"><blockquote class=\"twitter-tweet\" data-lang=\"es\"><p lang=\"es\" dir=\"ltr\"><a href=\"https:\/\/twitter.com\/hashtag\/%C3%9AltimoMinuto?src=hash&amp;ref_src=twsrc%5Etfw\">#\u00daltimoMinuto<\/a><br>La dirigente de la Secci\u00f3n 22 del, Yenny Aracely P\u00e9rez Mart\u00ednez, confirm\u00f3 que se mantiene la propuesta de boicot a la <a href=\"https:\/\/twitter.com\/hashtag\/Guelaguetza2023?src=hash&amp;ref_src=twsrc%5Etfw\">#Guelaguetza2023<\/a>. <br>El pr\u00f3ximo domingo hay una marcha, por el caso de Emeterio Marino. <a href=\"https:\/\/t.co\/xvbjdSajCw\">pic.twitter.com\/xvbjdSajCw<\/a><\/p>&mdash; Zona Roja Oaxaca (@ZonaRoja_Oaxaca) <a href=\"https:\/\/twitter.com\/ZonaRoja_Oaxaca\/status\/1679913268154859520?ref_src=twsrc%5Etfw\">14 de julio de 2023<\/a><\/blockquote><\/div>\n<\/div><\/figure>\n","protected":false},"excerpt":{"rendered":"<p>Yuridiana Sosa\/Zona Roja. Oaxaca de Ju\u00e1rez, Oax., a 14 de julio de 2023.- La determinaci\u00f3n&hellip;<\/p>\n","protected":false},"author":2,"featured_media":57564,"comment_status":"closed","ping_status":"open","sticky":false,"template":"","format":"standard","meta":{"_lmt_disableupdate":"","_lmt_disable":"","_jetpack_memberships_contains_paid_content":false,"footnotes":""},"categories":[109,47],"tags":[312],"class_list":["post-57569","post","type-post","status-publish","format-standard","has-post-thumbnail","hentry","category-minuto-a-minuto","category-zona-gris","tag-seccion-22-del-snte"],"jetpack_featured_media_url":"https:\/\/zonaroja.com.mx\/wp-content\/uploads\/2023\/07\/Conferencia-de-prensa-Secccion-22-del-SNTE.jpg","jetpack_sharing_enabled":true,"_links":{"self":[{"href":"https:\/\/zonaroja.com.mx\/index.php?rest_route=\/wp\/v2\/posts\/57569","targetHints":{"allow":["GET"]}}],"collection":[{"href":"https:\/\/zonaroja.com.mx\/index.php?rest_route=\/wp\/v2\/posts"}],"about":[{"href":"https:\/\/zonaroja.com.mx\/index.php?rest_route=\/wp\/v2\/types\/post"}],"author":[{"embeddable":true,"href":"https:\/\/zonaroja.com.mx\/index.php?rest_route=\/wp\/v2\/users\/2"}],"replies":[{"embeddable":true,"href":"https:\/\/zonaroja.com.mx\/index.php?rest_route=%2Fwp%2Fv2%2Fcomments&post=57569"}],"version-history":[{"count":2,"href":"https:\/\/zonaroja.com.mx\/index.php?rest_route=\/wp\/v2\/posts\/57569\/revisions"}],"predecessor-version":[{"id":57573,"href":"https:\/\/zonaroja.com.mx\/index.php?rest_route=\/wp\/v2\/posts\/57569\/revisions\/57573"}],"wp:featuredmedia":[{"embeddable":true,"href":"https:\/\/zonaroja.com.mx\/index.php?rest_route=\/wp\/v2\/media\/57564"}],"wp:attachment":[{"href":"https:\/\/zonaroja.com.mx\/index.php?rest_route=%2Fwp%2Fv2%2Fmedia&parent=57569"}],"wp:term":[{"taxonomy":"category","embeddable":true,"href":"https:\/\/zonaroja.com.mx\/index.php?rest_route=%2Fwp%2Fv2%2Fcategories&post=57569"},{"taxonomy":"post_tag","embeddable":true,"href":"https:\/\/zonaroja.com.mx\/index.php?rest_route=%2Fwp%2Fv2%2Ftags&post=57569"}],"curies":[{"name":"wp","href":"https:\/\/api.w.org\/{rel}","templated":true}]}}