{"id":57576,"date":"2023-07-14T20:39:00","date_gmt":"2023-07-15T01:39:00","guid":{"rendered":"http:\/\/www.zonaroja.com.mx\/?p=57576"},"modified":"2023-07-14T16:40:37","modified_gmt":"2023-07-14T21:40:37","slug":"detiene-fiscalia-a-dos-personas-por-narcomenudeo-asegura-drogas-arma-y-dinero","status":"publish","type":"post","link":"https:\/\/zonaroja.com.mx\/?p=57576","title":{"rendered":"Detiene Fiscal\u00eda a dos personas por narcomenudeo; asegura drogas, arma y dinero"},"content":{"rendered":"\n<p>Redacci\u00f3n\/Zona Roja.&nbsp;<\/p>\n\n\n\n<p>Oaxaca de Ju\u00e1rez, Oax., a 14 de julio de 2023.- La Fiscal\u00eda General del Estado de Oaxaca (FGEO), a trav\u00e9s de la Agencia Estatal de Investigaci\u00f3n (AEI), detuvo en flagrancia a dos personas del sexo masculino, por la probable configuraci\u00f3n del delito Contra la salud en su modalidad de narcomenudeo, por hechos ocurridos en la regi\u00f3n de la Costa.&nbsp;<\/p>\n\n\n\n<p>Los sucesos acontecieron la tarde de 12 de julio de 2023, cuando elementos de la AEI realizaban un recorrido y circulaban en calles de la localidad de El Carrizo, situada en el municipio de Santiago Pinotepa Nacional, cuando observaron a dos personas del sexo masculino que probablemente realizaban actividades il\u00edcitas.<\/p>\n\n\n\n<p>Luego de identificarse como agentes investigadores, realizaron una inspecci\u00f3n en la que encontraron entre sus pertenencias varias dosis de una sustancia granulada que presumiblemente coincide con las caracter\u00edsticas de la droga conocida como cristal (que ser\u00e1 sometida a procesos periciales en laboratorios qu\u00edmicos), as\u00ed como dinero en efectivo y un arma de fuego.<\/p>\n\n\n\n<p>Ante los hallazgos, las dos personas identificadas como R. L. S. y I. J. F. R. fueron detenidas y puestas a disposici\u00f3n del agente del Ministerio P\u00fablico, quien se encargar\u00e1 de llevarlos ante&nbsp;el Juez correspondiente para que determine su situaci\u00f3n legal.<\/p>\n\n\n\n<p>El combate al narcomenudeo que realiza la Fiscal\u00eda de Oaxaca, implica la contundente aplicaci\u00f3n de la ley para que prevalezca la paz social en nuestro estado.<\/p>\n\n\n\n<p>(Comunicado)<\/p>\n","protected":false},"excerpt":{"rendered":"<p>Redacci\u00f3n\/Zona Roja.&nbsp; Oaxaca de Ju\u00e1rez, Oax., a 14 de julio de 2023.- La Fiscal\u00eda General&hellip;<\/p>\n","protected":false},"author":2,"featured_media":4021,"comment_status":"closed","ping_status":"open","sticky":false,"template":"","format":"standard","meta":{"_lmt_disableupdate":"","_lmt_disable":"","_jetpack_memberships_contains_paid_content":false,"footnotes":""},"categories":[109,46],"tags":[494],"class_list":["post-57576","post","type-post","status-publish","format-standard","has-post-thumbnail","hentry","category-minuto-a-minuto","category-zona-blanca","tag-fiscalia-general-del-estado-de-oaxaca"],"jetpack_featured_media_url":"https:\/\/zonaroja.com.mx\/wp-content\/uploads\/2019\/09\/narcomenudeo.jpg","jetpack_sharing_enabled":true,"_links":{"self":[{"href":"https:\/\/zonaroja.com.mx\/index.php?rest_route=\/wp\/v2\/posts\/57576","targetHints":{"allow":["GET"]}}],"collection":[{"href":"https:\/\/zonaroja.com.mx\/index.php?rest_route=\/wp\/v2\/posts"}],"about":[{"href":"https:\/\/zonaroja.com.mx\/index.php?rest_route=\/wp\/v2\/types\/post"}],"author":[{"embeddable":true,"href":"https:\/\/zonaroja.com.mx\/index.php?rest_route=\/wp\/v2\/users\/2"}],"replies":[{"embeddable":true,"href":"https:\/\/zonaroja.com.mx\/index.php?rest_route=%2Fwp%2Fv2%2Fcomments&post=57576"}],"version-history":[{"count":1,"href":"https:\/\/zonaroja.com.mx\/index.php?rest_route=\/wp\/v2\/posts\/57576\/revisions"}],"predecessor-version":[{"id":57577,"href":"https:\/\/zonaroja.com.mx\/index.php?rest_route=\/wp\/v2\/posts\/57576\/revisions\/57577"}],"wp:featuredmedia":[{"embeddable":true,"href":"https:\/\/zonaroja.com.mx\/index.php?rest_route=\/wp\/v2\/media\/4021"}],"wp:attachment":[{"href":"https:\/\/zonaroja.com.mx\/index.php?rest_route=%2Fwp%2Fv2%2Fmedia&parent=57576"}],"wp:term":[{"taxonomy":"category","embeddable":true,"href":"https:\/\/zonaroja.com.mx\/index.php?rest_route=%2Fwp%2Fv2%2Fcategories&post=57576"},{"taxonomy":"post_tag","embeddable":true,"href":"https:\/\/zonaroja.com.mx\/index.php?rest_route=%2Fwp%2Fv2%2Ftags&post=57576"}],"curies":[{"name":"wp","href":"https:\/\/api.w.org\/{rel}","templated":true}]}}