{"id":57581,"date":"2023-07-15T08:13:08","date_gmt":"2023-07-15T13:13:08","guid":{"rendered":"http:\/\/www.zonaroja.com.mx\/?p=57581"},"modified":"2023-07-15T08:13:12","modified_gmt":"2023-07-15T13:13:12","slug":"inicia-guelaguetza-con-asesinato-de-chofer-asalto-secuestro-retencion-de-autoridades","status":"publish","type":"post","link":"https:\/\/zonaroja.com.mx\/?p=57581","title":{"rendered":"Inicia Guelaguetza con asesinato de chofer, asalto, secuestro, retenci\u00f3n de autoridades\u2026"},"content":{"rendered":"\n<p>Ismael Garc\u00eda M.\/Zona Roja.<\/p>\n\n\n\n<p>Oaxaca de Ju\u00e1rez, Oax., a 15 de julio de 2023.- Las fiestas de la Guelaguetza iniciaron este fin de semana con una escalada de violencia.<\/p>\n\n\n\n<p>La tarde de ayer, el chofer de un autob\u00fas de la l\u00ednea SUR fue asesinado a balazos en la regi\u00f3n del Istmo, presuntamente al oponerse a un asalto.<\/p>\n\n\n\n<p>La unidad de motor con n\u00famero econ\u00f3mico 6040 y el cuerpo fue hallado sobre la carretera Panamericana, en el tramo Santiago Niltepec-Santo Domingo Ingenio; proced\u00eda de Salina Cruz e iba con destino a Arriaga, Chiapas.<\/p>\n\n\n\n<p>Ninguna unidad de motor de la Guardia Nacional se hall\u00f3 en vigilancia de las carreteras, por lo cual nadie pudo percatarse del incidente violento y tampoco detener al o los agresores.<\/p>\n\n\n\n<p>Varios minutos despu\u00e9s arribaron corporaciones policiacas en la zona pero s\u00f3lo hallaron el cuerpo sin vida del conductor, a\u00fan no identificado, sobre el asiento del autob\u00fas; tras ello efectuaron supuestos operativos de b\u00fasqueda, sin resultados positivos.<\/p>\n\n\n\n<p>ASALTO CUANTIOSO<\/p>\n\n\n\n<p>Por otra parte, como se inform\u00f3 ayer, al menos dos sujetos armados asaltaron alrededor del mediod\u00eda a un cuentahabiente al salir de la sucursal de Banorte, ubicada en la calzada Porfirio D\u00edaz, colonia Reforma de la ciudad de Oaxaca.<\/p>\n\n\n\n<p>Los maleantes arrebataron a la v\u00edctima una bolsa, presuntamente con alrededor de dos millones de pesos, tras lo cual huyeron a bordo de un veh\u00edculo.<\/p>\n\n\n\n<p>De nueva cuenta con tardanza, corporaciones estatales y municipales efectuaron operativos de b\u00fasqueda en la zona norte y poniente de la capital, pero tambi\u00e9n sin \u00e9xito.<\/p>\n\n\n\n<p>Mientras que en Bah\u00edas de Huatulco, al menos dos turistas del estado de Hidalgo fueron v\u00edctimas de un secuestro expr\u00e9s la ma\u00f1ana de ayer, cuando se dispon\u00edan a retornar a su lugar de origen.<\/p>\n\n\n\n<p>Fue alrededor de las 13:00 horas, y tras la denuncia ante las autoridades policiacas y ministeriales, en que fueron localizados con vida, aunque no se han revelado mayores detalles al respecto.<\/p>\n\n\n\n<p>RETENIDOS EN BLOQUEO<\/p>\n\n\n\n<p>En tanto, durante ayer viernes, el presidente municipal de Putla Villa de Guerrero, Pr\u00f3spero Francisco Cruz Ricardo, as\u00ed como su chofer, fueron por un grupo de pobladores de San Mart\u00edn Itunyoso, en la regi\u00f3n de la Mixteca de Oaxaca.<\/p>\n\n\n\n<p>La retenci\u00f3n ocurri\u00f3 cuando ambos viajaban a bordo de una camioneta en jurisdicci\u00f3n de esa regi\u00f3n; los pobladores bloquearon la carretera para exigir sea liberada una camioneta tipo Urvan, la cual fue asegurada el pasado 12 de julio de 2023 presuntamente por personal de la Polic\u00eda Vial Estatal.<\/p>\n\n\n\n<p>Hasta el momento la Secretar\u00eda de Gobierno no ha emitido ninguna informaci\u00f3n al respecto,<\/p>\n","protected":false},"excerpt":{"rendered":"<p>Ismael Garc\u00eda M.\/Zona Roja. Oaxaca de Ju\u00e1rez, Oax., a 15 de julio de 2023.- Las&hellip;<\/p>\n","protected":false},"author":2,"featured_media":57582,"comment_status":"closed","ping_status":"open","sticky":false,"template":"","format":"standard","meta":{"_lmt_disableupdate":"","_lmt_disable":"","_jetpack_memberships_contains_paid_content":false,"footnotes":""},"categories":[109,51],"tags":[964],"class_list":["post-57581","post","type-post","status-publish","format-standard","has-post-thumbnail","hentry","category-minuto-a-minuto","category-zona-roja","tag-violencia-oaxaca"],"jetpack_featured_media_url":"https:\/\/zonaroja.com.mx\/wp-content\/uploads\/2023\/07\/Asesinato-chofer-autobus-SUR-Istmo.jpg","jetpack_sharing_enabled":true,"_links":{"self":[{"href":"https:\/\/zonaroja.com.mx\/index.php?rest_route=\/wp\/v2\/posts\/57581","targetHints":{"allow":["GET"]}}],"collection":[{"href":"https:\/\/zonaroja.com.mx\/index.php?rest_route=\/wp\/v2\/posts"}],"about":[{"href":"https:\/\/zonaroja.com.mx\/index.php?rest_route=\/wp\/v2\/types\/post"}],"author":[{"embeddable":true,"href":"https:\/\/zonaroja.com.mx\/index.php?rest_route=\/wp\/v2\/users\/2"}],"replies":[{"embeddable":true,"href":"https:\/\/zonaroja.com.mx\/index.php?rest_route=%2Fwp%2Fv2%2Fcomments&post=57581"}],"version-history":[{"count":1,"href":"https:\/\/zonaroja.com.mx\/index.php?rest_route=\/wp\/v2\/posts\/57581\/revisions"}],"predecessor-version":[{"id":57583,"href":"https:\/\/zonaroja.com.mx\/index.php?rest_route=\/wp\/v2\/posts\/57581\/revisions\/57583"}],"wp:featuredmedia":[{"embeddable":true,"href":"https:\/\/zonaroja.com.mx\/index.php?rest_route=\/wp\/v2\/media\/57582"}],"wp:attachment":[{"href":"https:\/\/zonaroja.com.mx\/index.php?rest_route=%2Fwp%2Fv2%2Fmedia&parent=57581"}],"wp:term":[{"taxonomy":"category","embeddable":true,"href":"https:\/\/zonaroja.com.mx\/index.php?rest_route=%2Fwp%2Fv2%2Fcategories&post=57581"},{"taxonomy":"post_tag","embeddable":true,"href":"https:\/\/zonaroja.com.mx\/index.php?rest_route=%2Fwp%2Fv2%2Ftags&post=57581"}],"curies":[{"name":"wp","href":"https:\/\/api.w.org\/{rel}","templated":true}]}}