{"id":57584,"date":"2023-07-15T09:00:00","date_gmt":"2023-07-15T14:00:00","guid":{"rendered":"http:\/\/www.zonaroja.com.mx\/?p=57584"},"modified":"2023-07-15T08:17:24","modified_gmt":"2023-07-15T13:17:24","slug":"entre-lagrimas-y-aplausos-despiden-en-tuxtepec-a-kary-leon-bailarina-de-flor-de-pina","status":"publish","type":"post","link":"https:\/\/zonaroja.com.mx\/?p=57584","title":{"rendered":"Entre l\u00e1grimas y aplausos, despiden en Tuxtepec a Kary Le\u00f3n, bailarina de \u201cFlor de Pi\u00f1a\u201d"},"content":{"rendered":"\n<p>Yuridiana Sosa\/Zona Roja.<\/p>\n\n\n\n<p>Oaxaca de Ju\u00e1rez, Oax., a 15 de julio de 2023.- Con los acordes de \u201cFlor de Pi\u00f1a\u201d , una lluvia de aplausos y llanto, familiares, amigos y alumnos despidieron ayer a Kary Le\u00f3n Gayt\u00e1n en Tuxtepec, ex integrante de la delegaci\u00f3n de ese municipio, donde este jueves perdi\u00f3 la vida tras un accidente vial.<\/p>\n\n\n\n<p>Kary formaba parte de la delegaci\u00f3n oficial de Tuxtepec, con la que este viernes partir\u00eda con destino a la ciudad de Oaxaca para bailar la coreograf\u00eda durante las fiestas de la Guelaguetza.<\/p>\n\n\n\n<p>La maestra de primaria, de 39 a\u00f1os de edad, fue recibida por sus alumnos que portaban el uniforme escolar y una rosa blanca; en sus inocentes rostros hab\u00eda tristeza y desconcierto. Nunca la olvidar\u00e1n, destacaron los padres de familia.<\/p>\n\n\n\n<p>Kary, tambi\u00e9n deportistas apasionada del ciclismo, fue recibida con una rodada por parte de un centenar de ciclistas, que desde la entrada de la caseta de peaje de Tuxtepec, en el puente \u201cCaracol\u201d, la acompa\u00f1aron hasta su casa.<\/p>\n\n\n\n<p>Su cuerpo lleg\u00f3 proveniente de la ciudad de Veracruz, a donde la trasladaron de urgencia la noche de ayer por la gravedad de su estado de salud tras el accidente del que fue v\u00edctima al viajar en su motocicleta la tarde de este jueves cerca de las 18:00 horas.<\/p>\n\n\n\n<p>En su casa, todo estaba listo para su viaje de este viernes; hoy desfilar\u00eda con las delegaciones de todo el estado rumbo al \u201cLunes del Cerro\u201d.<\/p>\n\n\n\n<p>El llanto invadi\u00f3 su hogar, desde donde su familia se esforzaba con una bocina y m\u00fasica por mantener vivo el sue\u00f1o de Kary en bailar \u201cFlor de Pi\u00f1a\u201d.<\/p>\n\n\n\n<p>HOMENAJES<\/p>\n\n\n\n<p>La p\u00e9rdida de Kary inund\u00f3 de tristeza a la delegaci\u00f3n oficial de \u201cFlor de Pi\u00f1a\u201d, que desde el pasado 9 de julio ya hab\u00eda enlutado por la muerte de la creadora de la coreograf\u00eda, la maestra Paulina Sol\u00eds.<\/p>\n\n\n\n<p>El espacio que dej\u00f3 Kary se sinti\u00f3 en el coraz\u00f3n. Hoy ella no lleg\u00f3 a abordar el autob\u00fas a Oaxaca, pero desde la Casa de la Cultura sus compa\u00f1eras la recodaron con vivas.<\/p>\n\n\n\n<p>Su lugar siempre ser\u00e1 respetado; su sonrisa, buenas vibras, experiencia y energ\u00eda no se olvidar\u00e1n.<\/p>\n\n\n\n<p>D\u00edas antes hab\u00eda asistido con gran ilusi\u00f3n y entusiasmo al \u00faltimo ensayo de la delegaci\u00f3n; a la misa tradicional para despedirlas.<\/p>\n\n\n\n<p>Ante la partida de la maestra Paulina Sol\u00eds, la bailarina escribi\u00f3 desde sus redes sociales: \u201cUn honor rendirle homenaje bailando este a\u00f1o \u2018Flor de Pi\u00f1a\u2019\u201d.<\/p>\n\n\n\n<p>A partir de este s\u00e1bado, en el desfile de delegaci\u00f3n, y el Lunes del Cerro, la delegaci\u00f3n de Tuxtepec no solo recordar\u00e1 y rendir\u00e1 un homenaje a Paulina Sol\u00eds, tambi\u00e9n ser\u00e1 para su compa\u00f1era Kary Le\u00f3n.<\/p>\n","protected":false},"excerpt":{"rendered":"<p>Yuridiana Sosa\/Zona Roja. Oaxaca de Ju\u00e1rez, Oax., a 15 de julio de 2023.- Con los&hellip;<\/p>\n","protected":false},"author":2,"featured_media":57567,"comment_status":"closed","ping_status":"open","sticky":false,"template":"","format":"standard","meta":{"_lmt_disableupdate":"","_lmt_disable":"","_jetpack_memberships_contains_paid_content":false,"footnotes":""},"categories":[109,46],"tags":[3612],"class_list":["post-57584","post","type-post","status-publish","format-standard","has-post-thumbnail","hentry","category-minuto-a-minuto","category-zona-blanca","tag-kary-leon-flor-de-pina-tuxtepec"],"jetpack_featured_media_url":"https:\/\/zonaroja.com.mx\/wp-content\/uploads\/2023\/07\/Flor-de-Pina-bailarina-muerta-Tuxtepec.jpg","jetpack_sharing_enabled":true,"_links":{"self":[{"href":"https:\/\/zonaroja.com.mx\/index.php?rest_route=\/wp\/v2\/posts\/57584","targetHints":{"allow":["GET"]}}],"collection":[{"href":"https:\/\/zonaroja.com.mx\/index.php?rest_route=\/wp\/v2\/posts"}],"about":[{"href":"https:\/\/zonaroja.com.mx\/index.php?rest_route=\/wp\/v2\/types\/post"}],"author":[{"embeddable":true,"href":"https:\/\/zonaroja.com.mx\/index.php?rest_route=\/wp\/v2\/users\/2"}],"replies":[{"embeddable":true,"href":"https:\/\/zonaroja.com.mx\/index.php?rest_route=%2Fwp%2Fv2%2Fcomments&post=57584"}],"version-history":[{"count":1,"href":"https:\/\/zonaroja.com.mx\/index.php?rest_route=\/wp\/v2\/posts\/57584\/revisions"}],"predecessor-version":[{"id":57585,"href":"https:\/\/zonaroja.com.mx\/index.php?rest_route=\/wp\/v2\/posts\/57584\/revisions\/57585"}],"wp:featuredmedia":[{"embeddable":true,"href":"https:\/\/zonaroja.com.mx\/index.php?rest_route=\/wp\/v2\/media\/57567"}],"wp:attachment":[{"href":"https:\/\/zonaroja.com.mx\/index.php?rest_route=%2Fwp%2Fv2%2Fmedia&parent=57584"}],"wp:term":[{"taxonomy":"category","embeddable":true,"href":"https:\/\/zonaroja.com.mx\/index.php?rest_route=%2Fwp%2Fv2%2Fcategories&post=57584"},{"taxonomy":"post_tag","embeddable":true,"href":"https:\/\/zonaroja.com.mx\/index.php?rest_route=%2Fwp%2Fv2%2Ftags&post=57584"}],"curies":[{"name":"wp","href":"https:\/\/api.w.org\/{rel}","templated":true}]}}