{"id":57586,"date":"2023-07-15T11:00:00","date_gmt":"2023-07-15T16:00:00","guid":{"rendered":"http:\/\/www.zonaroja.com.mx\/?p=57586"},"modified":"2023-07-15T08:41:10","modified_gmt":"2023-07-15T13:41:10","slug":"asalto-violento-en-michoacan-rina-y-motin-en-edomex-3-asesinados-en-morelos","status":"publish","type":"post","link":"https:\/\/zonaroja.com.mx\/?p=57586","title":{"rendered":"Asalto violento en Michoac\u00e1n; ri\u00f1a y mot\u00edn en Edomex; 3 asesinados en Morelos"},"content":{"rendered":"\n<p>Redacci\u00f3n\/Zona Roja Cdmx.<\/p>\n\n\n\n<p>Ciudad de M\u00e9xico, a 15 de julio de 2023.- M\u00e9xico vivi\u00f3 una en\u00e9sima jornada violenta este viernes, que incluy\u00f3 un asalto violento en Michoac\u00e1n; enfrentamiento en Tamaulipas; ejecuciones en Morelos y Colima, as\u00ed como mot\u00edn y ri\u00f1a en un penal de la Ciudad de M\u00e9xico.<\/p>\n\n\n\n<p>En la plaza comercial Las Am\u00e9ricas de Morelia, fueron asesinados con armas de alto poder, el abogado Francisco Javier V. y el polic\u00eda auxiliar Diego M., inform\u00f3 la Fiscal\u00eda General del Estado de Michoac\u00e1n.<\/p>\n\n\n\n<p>La balacera ocurri\u00f3 aproximadamente a las 17:00 horas en la parte subterr\u00e1nea del estacionamiento. Los clientes se resguardaron en comercios, tiendas y almacenes, en tanto, agentes estatales y municipales acordonaron el \u00e1rea. Las v\u00edctimas portaban pistola.<\/p>\n\n\n\n<p>Fuentes policiacas revelaron que Francisco Javier V. estaba involucrado con el grupo criminal que incendi\u00f3 los bares Mint, Vertical y Luv, el 11 de marzo en la zona residencial de Altozano.<\/p>\n\n\n\n<p>MOT\u00cdN Y RI\u00d1A<\/p>\n\n\n\n<p>Por otra parte, la Secretar\u00eda de Seguridad Ciudadana (SSC) de la Ciudad de M\u00e9xico inform\u00f3 que la tarde de ayer se gener\u00f3 una ri\u00f1a dentro del Reclusorio Preventivo Varonil Oriente, ubicado en la colonia Lomas de San Lorenzo, en la alcald\u00eda Iztapalapa, lo que dej\u00f3 un saldo de ocho personas lesionadas.<\/p>\n\n\n\n<p>En el exterior, los familiares de los reclusos arribaron para exigir informaci\u00f3n, pero en su desesperaci\u00f3n, generaron tambi\u00e9n una ri\u00f1a, sin saldos fatales.<\/p>\n\n\n\n<p>EN TAMAULIPAS<\/p>\n\n\n\n<p>En los l\u00edmites de Reynosa y R\u00edo Bravo, Tamaulipas, un enfrentamiento a balazos entre c\u00e9lulas criminales dej\u00f3 atrapados en el fuego cruzado a obreros de la industria maquiladora, quienes se tiraron al piso para ponerse a salvo. En tanto, presuntos sicarios bloquearon la autopista Reynosa-Matamoros a la altura del poblado Palo Blanco.<\/p>\n\n\n\n<p>A las 6:10 horas, trabajadores provenientes de R\u00edo Bravo se dirig\u00edan a las plantas de Parque Industrial Reynosa a bordo de dos unidades de transporte privado cuando los sorprendieron los disparos. Descendieron en la carretera Reynosa-R\u00edo Bravo a la altura del kil\u00f3metro 104, frente al poblado mencionado y se tiraron para evitar ser alcanzados por los proyectiles de integrantes del crimen organizado en disputa del control de la plaza.<\/p>\n\n\n\n<p>En el cierre vial se escucharon detonaciones de arma de fuego; corporaciones de seguridad federales reaccionaron de forma inmediata. El bloqueo vial dur\u00f3 una hora y polic\u00edas de la Guardia Estatal retiraron los veh\u00edculos.<\/p>\n\n\n\n<p>GUERRERO, COLIMA\u2026<\/p>\n\n\n\n<p>Por otro lado, en la cabecera municipal de Zitlala, en la Monta\u00f1a Baja de Guerrero, Herm\u00f3genes Gasparillo Pineda, maestro, m\u00fasico y promotor cultural ind\u00edgena, fue ejecutado ayer en la ma\u00f1ana, en su domicilio.<\/p>\n\n\n\n<p>Alrededor de las 10 horas, el profesor nahua, de aproximadamente 50 a\u00f1os, fue ultimado a balazos cuando estaba afuera de su casa, en el barrio de San Mateo. Docente de secundaria, durante muchos a\u00f1os se dedic\u00f3 a la m\u00fasica; en 2022 y 2023 hizo proselitismo de cara a las elecciones de 2024.<\/p>\n\n\n\n<p>En Morelos, tres personas fueron asesinadas las \u00faltimas horas informaron fuentes policiacas. En Colima, suman cuatro homicidios, dos mujeres y dos hombres, se\u00f1alaron autoridades de seguridad.<\/p>\n\n\n\n<p>(Con informaci\u00f3n de \u201cLa Jornada\u201d)<\/p>\n","protected":false},"excerpt":{"rendered":"<p>Redacci\u00f3n\/Zona Roja Cdmx. Ciudad de M\u00e9xico, a 15 de julio de 2023.- M\u00e9xico vivi\u00f3 una&hellip;<\/p>\n","protected":false},"author":2,"featured_media":57587,"comment_status":"closed","ping_status":"open","sticky":false,"template":"","format":"standard","meta":{"_lmt_disableupdate":"","_lmt_disable":"","_jetpack_memberships_contains_paid_content":false,"footnotes":""},"categories":[109,47],"tags":[1746],"class_list":["post-57586","post","type-post","status-publish","format-standard","has-post-thumbnail","hentry","category-minuto-a-minuto","category-zona-gris","tag-violencia-en-mexico"],"jetpack_featured_media_url":"https:\/\/zonaroja.com.mx\/wp-content\/uploads\/2023\/07\/Asalto-Plaza-las-Americas-Morelia.webp","jetpack_sharing_enabled":true,"_links":{"self":[{"href":"https:\/\/zonaroja.com.mx\/index.php?rest_route=\/wp\/v2\/posts\/57586","targetHints":{"allow":["GET"]}}],"collection":[{"href":"https:\/\/zonaroja.com.mx\/index.php?rest_route=\/wp\/v2\/posts"}],"about":[{"href":"https:\/\/zonaroja.com.mx\/index.php?rest_route=\/wp\/v2\/types\/post"}],"author":[{"embeddable":true,"href":"https:\/\/zonaroja.com.mx\/index.php?rest_route=\/wp\/v2\/users\/2"}],"replies":[{"embeddable":true,"href":"https:\/\/zonaroja.com.mx\/index.php?rest_route=%2Fwp%2Fv2%2Fcomments&post=57586"}],"version-history":[{"count":1,"href":"https:\/\/zonaroja.com.mx\/index.php?rest_route=\/wp\/v2\/posts\/57586\/revisions"}],"predecessor-version":[{"id":57588,"href":"https:\/\/zonaroja.com.mx\/index.php?rest_route=\/wp\/v2\/posts\/57586\/revisions\/57588"}],"wp:featuredmedia":[{"embeddable":true,"href":"https:\/\/zonaroja.com.mx\/index.php?rest_route=\/wp\/v2\/media\/57587"}],"wp:attachment":[{"href":"https:\/\/zonaroja.com.mx\/index.php?rest_route=%2Fwp%2Fv2%2Fmedia&parent=57586"}],"wp:term":[{"taxonomy":"category","embeddable":true,"href":"https:\/\/zonaroja.com.mx\/index.php?rest_route=%2Fwp%2Fv2%2Fcategories&post=57586"},{"taxonomy":"post_tag","embeddable":true,"href":"https:\/\/zonaroja.com.mx\/index.php?rest_route=%2Fwp%2Fv2%2Ftags&post=57586"}],"curies":[{"name":"wp","href":"https:\/\/api.w.org\/{rel}","templated":true}]}}