{"id":57589,"date":"2023-07-15T12:00:00","date_gmt":"2023-07-15T17:00:00","guid":{"rendered":"http:\/\/www.zonaroja.com.mx\/?p=57589"},"modified":"2023-07-15T08:46:03","modified_gmt":"2023-07-15T13:46:03","slug":"suman-tres-muertos-por-dengue-en-oaxaca-asi-como-178-casos","status":"publish","type":"post","link":"https:\/\/zonaroja.com.mx\/?p=57589","title":{"rendered":"Suman tres muertos por dengue en Oaxaca, as\u00ed como 178 casos"},"content":{"rendered":"\n<p>Redacci\u00f3n\/Zona Roja.<\/p>\n\n\n\n<p>Oaxaca de Ju\u00e1rez, Oax., a 15 de de julio de 2023.- La dependencia estatal Servicios de Salud de Oaxaca (SSO) confirm\u00f3 que, hasta la semana epidemiol\u00f3gica n\u00famero 27, se tienen registrados 178 casos de dengue, de los cuales 72 corresponden a Dengue No Grave (DNG), 95 a Dengue con Signos de Alarma (DCSA), 11 a Dengue Grave (DG) y tres defunciones confirmadas.<\/p>\n\n\n\n<p>Asimismo, en un comunicado destac\u00f3 que los estados con mayor n\u00famero de casos son: Quintana Roo, Yucat\u00e1n y Veracruz.&nbsp;<\/p>\n\n\n\n<p>En lo que va del 2023, a nivel nacional se han notificado 177 defunciones por probable dengue, de las cuales 13 est\u00e1n confirmadas, 104 se encuentran en estudio y 60 se han descartado.<\/p>\n\n\n\n<p>Expuso que, de acuerdo a la Organizaci\u00f3n Panamericana de la Salud (OPS), se prev\u00e9 en este segundo semestre del 2023, especialmente en Am\u00e9rica Central, M\u00e9xico y el Caribe, un aumento de lluvias, lo cual podr\u00eda incrementar la incidencia de dengue en toda la Rep\u00fablica Mexicana y en el territorio oaxaque\u00f1o.<\/p>\n\n\n\n<p>Ante ello, la instituci\u00f3n exhorta a las autoridades municipales y poblaci\u00f3n a sumarse a las actividades de eliminaci\u00f3n de criaderos potenciales en las viviendas, implementando la estrategia: lava, tapa, voltea y tira recipientes que almacenen agua limpia.<\/p>\n\n\n\n<p>Tambi\u00e9n, convoca a las y los oaxaque\u00f1os para que desde los hogares se realicen acciones de limpieza en patios y azoteas; si bien la nebulizaci\u00f3n es una medida utilizada en casos espec\u00edficos de alta transmisi\u00f3n o brotes epid\u00e9micos, no es una estrategia preventiva a largo plazo.&nbsp;<\/p>\n\n\n\n<p>\u201cPor lo que es fundamental la participaci\u00f3n de todas y todos, lavando los recipientes, tapando aquellos que contengan agua limpia, voltear aquellos que acumulen el vital l\u00edquido, y eliminar aquellos en desuso\u201d, detall\u00f3 en su comunicado.<\/p>\n\n\n\n<p>A\u00f1adi\u00f3 que recibir atenci\u00f3n oportuna y seguimiento m\u00e9dico ante s\u00edntomas como: fiebre, dolor cabeza, en articulaciones, en m\u00fasculos, detr\u00e1s de los ojos, malestar generalizado, enrojecimiento en la piel, n\u00e1useas, v\u00f3mito y p\u00e9rdida del apetito, y en casos graves sangrado por nariz o enc\u00edas, as\u00ed como moretones en la piel, es de vital importancia para evitar complicaci\u00f3n por la enfermedad del dengue.<\/p>\n\n\n\n<p>La instituci\u00f3n hace un llamado a la poblaci\u00f3n para que est\u00e9 alerta ante estos s\u00edntomas, que suelen durar de dos a siete d\u00edas. Si se presentan signos de alarma como dolor abdominal, v\u00f3mitos persistentes o sangrado de las mucosas, se debe acudir a una unidad m\u00e9dica y no automedicarse.<\/p>\n","protected":false},"excerpt":{"rendered":"<p>Redacci\u00f3n\/Zona Roja. Oaxaca de Ju\u00e1rez, Oax., a 15 de de julio de 2023.- La dependencia&hellip;<\/p>\n","protected":false},"author":2,"featured_media":7482,"comment_status":"closed","ping_status":"open","sticky":false,"template":"","format":"standard","meta":{"_lmt_disableupdate":"","_lmt_disable":"","_jetpack_memberships_contains_paid_content":false,"footnotes":""},"categories":[109,47],"tags":[804],"class_list":["post-57589","post","type-post","status-publish","format-standard","has-post-thumbnail","hentry","category-minuto-a-minuto","category-zona-gris","tag-dengue-en-oaxaca"],"jetpack_featured_media_url":"https:\/\/zonaroja.com.mx\/wp-content\/uploads\/2020\/01\/Dengue1.jpg","jetpack_sharing_enabled":true,"_links":{"self":[{"href":"https:\/\/zonaroja.com.mx\/index.php?rest_route=\/wp\/v2\/posts\/57589","targetHints":{"allow":["GET"]}}],"collection":[{"href":"https:\/\/zonaroja.com.mx\/index.php?rest_route=\/wp\/v2\/posts"}],"about":[{"href":"https:\/\/zonaroja.com.mx\/index.php?rest_route=\/wp\/v2\/types\/post"}],"author":[{"embeddable":true,"href":"https:\/\/zonaroja.com.mx\/index.php?rest_route=\/wp\/v2\/users\/2"}],"replies":[{"embeddable":true,"href":"https:\/\/zonaroja.com.mx\/index.php?rest_route=%2Fwp%2Fv2%2Fcomments&post=57589"}],"version-history":[{"count":1,"href":"https:\/\/zonaroja.com.mx\/index.php?rest_route=\/wp\/v2\/posts\/57589\/revisions"}],"predecessor-version":[{"id":57590,"href":"https:\/\/zonaroja.com.mx\/index.php?rest_route=\/wp\/v2\/posts\/57589\/revisions\/57590"}],"wp:featuredmedia":[{"embeddable":true,"href":"https:\/\/zonaroja.com.mx\/index.php?rest_route=\/wp\/v2\/media\/7482"}],"wp:attachment":[{"href":"https:\/\/zonaroja.com.mx\/index.php?rest_route=%2Fwp%2Fv2%2Fmedia&parent=57589"}],"wp:term":[{"taxonomy":"category","embeddable":true,"href":"https:\/\/zonaroja.com.mx\/index.php?rest_route=%2Fwp%2Fv2%2Fcategories&post=57589"},{"taxonomy":"post_tag","embeddable":true,"href":"https:\/\/zonaroja.com.mx\/index.php?rest_route=%2Fwp%2Fv2%2Ftags&post=57589"}],"curies":[{"name":"wp","href":"https:\/\/api.w.org\/{rel}","templated":true}]}}