{"id":57594,"date":"2023-07-15T14:53:00","date_gmt":"2023-07-15T19:53:00","guid":{"rendered":"http:\/\/www.zonaroja.com.mx\/?p=57594"},"modified":"2023-07-15T08:54:59","modified_gmt":"2023-07-15T13:54:59","slug":"clausuran-ciclo-escolar-cendis-del-poder-judicial-del-estado","status":"publish","type":"post","link":"https:\/\/zonaroja.com.mx\/?p=57594","title":{"rendered":"Clausuran ciclo escolar Cendis\u00a0del Poder Judicial del Estado"},"content":{"rendered":"\n<p>Redacci\u00f3n\/Zona Roja.<\/p>\n\n\n\n<p>Oaxaca de Ju\u00e1rez, Oax., a 15 de julio de 2023.- Los centros de Desarrollo Infantil, Cendis,&nbsp;\u201cMargarita Mag\u00f3n de Flores\u201d&nbsp;y&nbsp;\u201cMargarita Maza de Ju\u00e1rez\u201d,&nbsp;adscritos al Poder Judicial del Estado,&nbsp;llevaron a cabo&nbsp;la clausura del ciclo escolar 2022-2023 y&nbsp;las&nbsp;ceremonias de graduaci\u00f3n de las&nbsp;generaciones&nbsp;2020-2023, del nivel de educaci\u00f3n preescolar.&nbsp;<\/p>\n\n\n\n<p>En ambos eventos, las y los alumnos presentaron bailables y diferentes actividades;&nbsp;adem\u00e1s de&nbsp;que se entregaron diplomas a quienes&nbsp;pronto se convertir\u00e1n en&nbsp;estudiantes&nbsp;de Primaria para continuar con su formaci\u00f3n escolar.&nbsp;<\/p>\n\n\n\n<p>Estos planteles atienden a&nbsp;las&nbsp;hijas e hijos de trabajadores del Tribunal Superior de Justicia del Estado y del Consejo de Judicatura,&nbsp;durante su jornada laboral.<\/p>\n\n\n\n<p>El Centro de Desarrollo Infantil (Cendi), \u201cMargarita Mag\u00f3n de Flores\u201d, opera desde hace m\u00e1s de 30 a\u00f1os y se&nbsp;encuentra en la colonia Reforma de la ciudad de Oaxaca;&nbsp;brinda servicio&nbsp;en las \u00e1reas de maternal y preescolar.&nbsp;En tanto, el&nbsp;Centro de Desarrollo Infantil&nbsp;\u201cMargarita Maza de Ju\u00e1rez\u201d,&nbsp;se ubica en Ciudad Judicial, desde hace m\u00e1s de una d\u00e9cada.<\/p>\n\n\n\n<p>La educaci\u00f3n inicial, es considerada un derecho de los ni\u00f1os y ni\u00f1as, en una etapa fundamental en la vida de las personas; por ello,&nbsp;en el Poder Judicial del Estado&nbsp;a trav\u00e9s de los Cendis,&nbsp;se sientan las bases del aprendizaje y la formaci\u00f3n de valores&nbsp;en&nbsp;las y los infantes que ah\u00ed acuden.<\/p>\n","protected":false},"excerpt":{"rendered":"<p>Redacci\u00f3n\/Zona Roja. Oaxaca de Ju\u00e1rez, Oax., a 15 de julio de 2023.- Los centros de&hellip;<\/p>\n","protected":false},"author":2,"featured_media":57595,"comment_status":"closed","ping_status":"open","sticky":false,"template":"","format":"standard","meta":{"_lmt_disableupdate":"","_lmt_disable":"","_jetpack_memberships_contains_paid_content":false,"footnotes":""},"categories":[109,46],"tags":[223],"class_list":["post-57594","post","type-post","status-publish","format-standard","has-post-thumbnail","hentry","category-minuto-a-minuto","category-zona-blanca","tag-poder-judicial-de-oaxaca"],"jetpack_featured_media_url":"https:\/\/zonaroja.com.mx\/wp-content\/uploads\/2023\/07\/Los-infantes-presentaron-diversos-bailables.jpg","jetpack_sharing_enabled":true,"_links":{"self":[{"href":"https:\/\/zonaroja.com.mx\/index.php?rest_route=\/wp\/v2\/posts\/57594","targetHints":{"allow":["GET"]}}],"collection":[{"href":"https:\/\/zonaroja.com.mx\/index.php?rest_route=\/wp\/v2\/posts"}],"about":[{"href":"https:\/\/zonaroja.com.mx\/index.php?rest_route=\/wp\/v2\/types\/post"}],"author":[{"embeddable":true,"href":"https:\/\/zonaroja.com.mx\/index.php?rest_route=\/wp\/v2\/users\/2"}],"replies":[{"embeddable":true,"href":"https:\/\/zonaroja.com.mx\/index.php?rest_route=%2Fwp%2Fv2%2Fcomments&post=57594"}],"version-history":[{"count":1,"href":"https:\/\/zonaroja.com.mx\/index.php?rest_route=\/wp\/v2\/posts\/57594\/revisions"}],"predecessor-version":[{"id":57596,"href":"https:\/\/zonaroja.com.mx\/index.php?rest_route=\/wp\/v2\/posts\/57594\/revisions\/57596"}],"wp:featuredmedia":[{"embeddable":true,"href":"https:\/\/zonaroja.com.mx\/index.php?rest_route=\/wp\/v2\/media\/57595"}],"wp:attachment":[{"href":"https:\/\/zonaroja.com.mx\/index.php?rest_route=%2Fwp%2Fv2%2Fmedia&parent=57594"}],"wp:term":[{"taxonomy":"category","embeddable":true,"href":"https:\/\/zonaroja.com.mx\/index.php?rest_route=%2Fwp%2Fv2%2Fcategories&post=57594"},{"taxonomy":"post_tag","embeddable":true,"href":"https:\/\/zonaroja.com.mx\/index.php?rest_route=%2Fwp%2Fv2%2Ftags&post=57594"}],"curies":[{"name":"wp","href":"https:\/\/api.w.org\/{rel}","templated":true}]}}