{"id":57599,"date":"2023-07-15T17:56:00","date_gmt":"2023-07-15T22:56:00","guid":{"rendered":"http:\/\/www.zonaroja.com.mx\/?p=57599"},"modified":"2023-07-15T08:58:50","modified_gmt":"2023-07-15T13:58:50","slug":"cesa-eu-la-vigilancia-satelital-de-los-cultivos-de-coca-colombianos","status":"publish","type":"post","link":"https:\/\/zonaroja.com.mx\/?p=57599","title":{"rendered":"Cesa EU la vigilancia satelital de los cultivos de coca colombianos"},"content":{"rendered":"\n<p>Redacci\u00f3n\/Zona Roja Cdmx.<\/p>\n\n\n\n<p>Ciudad de M\u00e9xico, a 15 de julio de 2023.- El gobierno del presidente Joe Biden abandon\u00f3 silenciosamente un indicador clave usado desde 1987 para medir el \u00e9xito en el combate contra las drogas, al suspender la vigilancia satelital de los cultivos de coca en Colombia en medio de un aumento en la producci\u00f3n de coca\u00edna en Sudam\u00e9rica.<\/p>\n\n\n\n<p>Un portavoz del Departamento de Estado estadunidense indic\u00f3 que la medida era \u201ctemporal\u201d, pero no ofreci\u00f3 un plazo para la reanudaci\u00f3n de la recopilaci\u00f3n de datos ni explic\u00f3 por qu\u00e9 se suspendi\u00f3.<\/p>\n\n\n\n<p>Tampoco se sabe si los estudios satelitales continuar\u00e1n en Per\u00fa y Bolivia, que en conjunto representan alrededor de la mitad de la producci\u00f3n de coca en la regi\u00f3n andina.<\/p>\n\n\n\n<p>La medida, reportada por primera vez por el peri\u00f3dico El Tiempo de Colombia, provoc\u00f3 la indignaci\u00f3n de los republicanos en el Congreso de Florida, que amenazaron con quitar la certificaci\u00f3n al gobierno de Colombia por no cooperar en la lucha antinarc\u00f3ticos con Estados Unidos<\/p>\n\n\n\n<p>No obstante, coincide con la campa\u00f1a del presidente colombiano de izquierda, Gustavo Petro, para renfocar los esfuerzos de aplicaci\u00f3n de la ley fuera de los remansos rurales donde se cultiva la coca para perseguir a los narcotraficantes a gran escala y a los lavadores de dinero, que son los que obtienen la mayor parte de las ganancias del tr\u00e1fico de drogas.<\/p>\n","protected":false},"excerpt":{"rendered":"<p>Redacci\u00f3n\/Zona Roja Cdmx. Ciudad de M\u00e9xico, a 15 de julio de 2023.- El gobierno del&hellip;<\/p>\n","protected":false},"author":2,"featured_media":57600,"comment_status":"closed","ping_status":"open","sticky":false,"template":"","format":"standard","meta":{"_lmt_disableupdate":"","_lmt_disable":"","_jetpack_memberships_contains_paid_content":false,"footnotes":""},"categories":[109,47],"tags":[],"class_list":["post-57599","post","type-post","status-publish","format-standard","has-post-thumbnail","hentry","category-minuto-a-minuto","category-zona-gris"],"jetpack_featured_media_url":"https:\/\/zonaroja.com.mx\/wp-content\/uploads\/2023\/07\/Vigilancia-cultivos-de-coca.jpeg","jetpack_sharing_enabled":true,"_links":{"self":[{"href":"https:\/\/zonaroja.com.mx\/index.php?rest_route=\/wp\/v2\/posts\/57599","targetHints":{"allow":["GET"]}}],"collection":[{"href":"https:\/\/zonaroja.com.mx\/index.php?rest_route=\/wp\/v2\/posts"}],"about":[{"href":"https:\/\/zonaroja.com.mx\/index.php?rest_route=\/wp\/v2\/types\/post"}],"author":[{"embeddable":true,"href":"https:\/\/zonaroja.com.mx\/index.php?rest_route=\/wp\/v2\/users\/2"}],"replies":[{"embeddable":true,"href":"https:\/\/zonaroja.com.mx\/index.php?rest_route=%2Fwp%2Fv2%2Fcomments&post=57599"}],"version-history":[{"count":1,"href":"https:\/\/zonaroja.com.mx\/index.php?rest_route=\/wp\/v2\/posts\/57599\/revisions"}],"predecessor-version":[{"id":57601,"href":"https:\/\/zonaroja.com.mx\/index.php?rest_route=\/wp\/v2\/posts\/57599\/revisions\/57601"}],"wp:featuredmedia":[{"embeddable":true,"href":"https:\/\/zonaroja.com.mx\/index.php?rest_route=\/wp\/v2\/media\/57600"}],"wp:attachment":[{"href":"https:\/\/zonaroja.com.mx\/index.php?rest_route=%2Fwp%2Fv2%2Fmedia&parent=57599"}],"wp:term":[{"taxonomy":"category","embeddable":true,"href":"https:\/\/zonaroja.com.mx\/index.php?rest_route=%2Fwp%2Fv2%2Fcategories&post=57599"},{"taxonomy":"post_tag","embeddable":true,"href":"https:\/\/zonaroja.com.mx\/index.php?rest_route=%2Fwp%2Fv2%2Ftags&post=57599"}],"curies":[{"name":"wp","href":"https:\/\/api.w.org\/{rel}","templated":true}]}}