{"id":57602,"date":"2023-07-15T18:58:00","date_gmt":"2023-07-15T23:58:00","guid":{"rendered":"http:\/\/www.zonaroja.com.mx\/?p=57602"},"modified":"2023-07-15T09:00:40","modified_gmt":"2023-07-15T14:00:40","slug":"vinculan-a-proceso-y-llevan-a-prision-a-presunto-feminicida-en-oaxaca","status":"publish","type":"post","link":"https:\/\/zonaroja.com.mx\/?p=57602","title":{"rendered":"Vinculan a proceso y llevan a prisi\u00f3n a presunto feminicida en Oaxaca"},"content":{"rendered":"\n<p>Redacci\u00f3n\/Zona Roja.<\/p>\n\n\n\n<p>Oaxaca de Ju\u00e1rez, Oax., a 14 de julio de 2023.- La aplicaci\u00f3n del Protocolo de Actuaci\u00f3n Ministerial, Pericial y Policial en el Delito de Feminicidio para el Estado, permiti\u00f3 que la Fiscal\u00eda General del Estado de Oaxaca (FGEO) obtuviera auto de vinculaci\u00f3n a proceso y prisi\u00f3n preventiva contra de E. P. S., imputado por el delito de feminicidio cometido en la regi\u00f3n de la Cuenca del Papaloapan.<\/p>\n\n\n\n<p>Los hechos ocurrieron el 23 de junio de 2023, en un domicilio de San Juan Lalana, donde una mujer identificada por las iniciales A. S. S. fue v\u00edctima de una agresi\u00f3n con un arma punzocortante, derivada de la cual sufri\u00f3 severas lesiones que terminaron con su vida.<\/p>\n\n\n\n<p>Autoridades municipales de Lalana realizaron la detenci\u00f3n de E. P. S., quien presentaba heridas por las cuales fue trasladado a un hospital de la zona, adem\u00e1s que dieron intervenci\u00f3n a la Fiscal\u00eda de Oaxaca.<\/p>\n\n\n\n<p>La Vicefiscal\u00eda Regional de la Cuenca se hizo cargo de iniciar la carpeta de investigaci\u00f3n por Feminicidio adem\u00e1s de realizar las labores de procuraci\u00f3n de justicia alrededor del caso ci\u00f1\u00e9ndose a la perspectiva de g\u00e9nero.<\/p>\n\n\n\n<p>La FGEO llev\u00f3 a E. P. S. ante el Juez, quien dict\u00f3 auto de vinculaci\u00f3n a proceso y prisi\u00f3n preventiva como medida cautelar, adem\u00e1s que otorg\u00f3 cinco meses para el cierre de la investigaci\u00f3n.<\/p>\n\n\n\n<p>Los trabajos de investigaci\u00f3n que realiza la Fiscal\u00eda de Oaxaca, en torno a los delitos contra mujeres se efect\u00faan tomando en cuenta el g\u00e9nero de la v\u00edctima para atender las particularidades del caso y que se garantice el pleno acceso a la justicia.<\/p>\n","protected":false},"excerpt":{"rendered":"<p>Redacci\u00f3n\/Zona Roja. Oaxaca de Ju\u00e1rez, Oax., a 14 de julio de 2023.- La aplicaci\u00f3n del&hellip;<\/p>\n","protected":false},"author":2,"featured_media":55752,"comment_status":"closed","ping_status":"open","sticky":false,"template":"","format":"standard","meta":{"_lmt_disableupdate":"","_lmt_disable":"","_jetpack_memberships_contains_paid_content":false,"footnotes":""},"categories":[109,46],"tags":[494],"class_list":["post-57602","post","type-post","status-publish","format-standard","has-post-thumbnail","hentry","category-minuto-a-minuto","category-zona-blanca","tag-fiscalia-general-del-estado-de-oaxaca"],"jetpack_featured_media_url":"https:\/\/zonaroja.com.mx\/wp-content\/uploads\/2023\/05\/Plagio-secuestro-secuestrado-detenido.jpg","jetpack_sharing_enabled":true,"_links":{"self":[{"href":"https:\/\/zonaroja.com.mx\/index.php?rest_route=\/wp\/v2\/posts\/57602","targetHints":{"allow":["GET"]}}],"collection":[{"href":"https:\/\/zonaroja.com.mx\/index.php?rest_route=\/wp\/v2\/posts"}],"about":[{"href":"https:\/\/zonaroja.com.mx\/index.php?rest_route=\/wp\/v2\/types\/post"}],"author":[{"embeddable":true,"href":"https:\/\/zonaroja.com.mx\/index.php?rest_route=\/wp\/v2\/users\/2"}],"replies":[{"embeddable":true,"href":"https:\/\/zonaroja.com.mx\/index.php?rest_route=%2Fwp%2Fv2%2Fcomments&post=57602"}],"version-history":[{"count":1,"href":"https:\/\/zonaroja.com.mx\/index.php?rest_route=\/wp\/v2\/posts\/57602\/revisions"}],"predecessor-version":[{"id":57603,"href":"https:\/\/zonaroja.com.mx\/index.php?rest_route=\/wp\/v2\/posts\/57602\/revisions\/57603"}],"wp:featuredmedia":[{"embeddable":true,"href":"https:\/\/zonaroja.com.mx\/index.php?rest_route=\/wp\/v2\/media\/55752"}],"wp:attachment":[{"href":"https:\/\/zonaroja.com.mx\/index.php?rest_route=%2Fwp%2Fv2%2Fmedia&parent=57602"}],"wp:term":[{"taxonomy":"category","embeddable":true,"href":"https:\/\/zonaroja.com.mx\/index.php?rest_route=%2Fwp%2Fv2%2Fcategories&post=57602"},{"taxonomy":"post_tag","embeddable":true,"href":"https:\/\/zonaroja.com.mx\/index.php?rest_route=%2Fwp%2Fv2%2Ftags&post=57602"}],"curies":[{"name":"wp","href":"https:\/\/api.w.org\/{rel}","templated":true}]}}