{"id":57609,"date":"2023-07-16T07:39:36","date_gmt":"2023-07-16T12:39:36","guid":{"rendered":"http:\/\/www.zonaroja.com.mx\/?p=57609"},"modified":"2023-07-16T07:39:37","modified_gmt":"2023-07-16T12:39:37","slug":"con-asesinato-de-periodista-guerrero-suman-cinco-este-ano-en-el-pais","status":"publish","type":"post","link":"https:\/\/zonaroja.com.mx\/?p=57609","title":{"rendered":"Con asesinato de periodista Guerrero, suman cinco este a\u00f1o en el pa\u00eds"},"content":{"rendered":"\n<p>Redacci\u00f3n\/Zona Roja Cdmx.<\/p>\n\n\n\n<p>Ciudad de M\u00e9xico, a 16 de julio de 2023.- El periodista Nelson Matus Pe\u00f1a, director del portal de nota roja \u201cLo Real de Guerrero\u201c, fue asesinado a balazos este s\u00e1bado en el puerto de Acapulco, en el estado de Guerrero.<\/p>\n\n\n\n<p>Medios locales detallaron que el homicidio ocurri\u00f3 poco despu\u00e9s de las 15:00 horas en el estacionamiento de una tienda departamental ubicada en la colonia Emiliano Zapata del puerto.<\/p>\n\n\n\n<p>El director de \u201cLo Real de Guerrero\u201d recibi\u00f3 dos impactos de arma de fuego, uno de ellos en la cabeza, seg\u00fan reportes, quedando su cuerpo tendido a un costado de su autom\u00f3vil.<\/p>\n\n\n\n<p>Autoridades federales y estatales implementaron un operativo para capturar a los responsables. Hasta el momento, ninguna autoridad hab\u00eda detallado personas detenidas por este hecho.<\/p>\n\n\n\n<p>El periodista Nelson Matus ya hab\u00eda sufrido al menos dos atentados en su contra: en 2017 y en agosto de 2019.<\/p>\n\n\n\n<p>En 2022,&nbsp;M\u00e9xico&nbsp;se apunt\u00f3 como el \u201cpa\u00eds en paz\u201d&nbsp;m\u00e1s peligroso para la prensa, al concentrar el 20 por ciento de los asesinatos de periodistas en el mundo, con 13 casos, seg\u00fan la organizaci\u00f3n&nbsp;Reporteros Sin Fronteras&nbsp;(RSF).<\/p>\n\n\n\n<p>De acuerdo con la organizaci\u00f3n Art\u00edculo 19, un total de 157 periodistas han sido asesinados en M\u00e9xico desde 2000 en posible relaci\u00f3n con su labor.<\/p>\n\n\n\n<p>De ese total, 47 se registraron durante el mandato anterior del presidente Enrique Pe\u00f1a Nieto (2012-2018) y 37 durante el actual mandato del presidente\u00a0Andr\u00e9s Manuel L\u00f3pez Obrador, quien asumi\u00f3 el poder el 1 de diciembre de 2018.<\/p>\n\n\n\n<figure class=\"wp-block-image size-full\"><a href=\"http:\/\/www.zonaroja.com.mx\/wp-content\/uploads\/2023\/07\/Periodista-Nelson-Matus-Guerrero.jpg\" data-rel=\"penci-gallery-image-content\" ><img decoding=\"async\" width=\"600\" height=\"400\" src=\"http:\/\/www.zonaroja.com.mx\/wp-content\/uploads\/2023\/07\/Periodista-Nelson-Matus-Guerrero.jpg\" alt=\"\" class=\"wp-image-57611\" srcset=\"https:\/\/zonaroja.com.mx\/wp-content\/uploads\/2023\/07\/Periodista-Nelson-Matus-Guerrero.jpg 600w, https:\/\/zonaroja.com.mx\/wp-content\/uploads\/2023\/07\/Periodista-Nelson-Matus-Guerrero-300x200.jpg 300w, https:\/\/zonaroja.com.mx\/wp-content\/uploads\/2023\/07\/Periodista-Nelson-Matus-Guerrero-585x390.jpg 585w, https:\/\/zonaroja.com.mx\/wp-content\/uploads\/2023\/07\/Periodista-Nelson-Matus-Guerrero-263x175.jpg 263w\" sizes=\"(max-width: 600px) 100vw, 600px\" \/><\/a><\/figure>\n\n\n\n<p>TAMBI\u00c9N EN GUERRERO<\/p>\n\n\n\n<p>Un hombre fue ejecutado a balazos mientras que un chofer result\u00f3 herido en otro hecho ambos ocurridos en Chilpancingo, Guerrero.<\/p>\n\n\n\n<p>De acuerdo con reportes de medios locales, el primer hecho ocurri\u00f3 en la colonia Villas del Roble, donde los vecinos reportaron la situaci\u00f3n al 911.<\/p>\n\n\n\n<p>Al lugar se trasladaron elementos de la Polic\u00eda Estatal y localizaron a un hombre ejecutado a balazos sin que se conozca la identidad de la v\u00edctima.<\/p>\n\n\n\n<p>En otro hecho, en la colonia Indeco el conductor de una camioneta de transporte p\u00fablico de la ruta Indeco-Mercado result\u00f3 herido a balazos.<\/p>\n\n\n\n<p>EN SAN LUIS POTOS\u00cd<\/p>\n\n\n\n<p>El municipio de Tamu\u00edn, en el estado de San Luis Potos\u00ed, tuvo un s\u00e1bado violento, donde dos ataques armados dejaron como saldo al menos tres personas muertas y una m\u00e1s lesionada.<\/p>\n\n\n\n<p>Seg\u00fan medios locales, la primera agresi\u00f3n se registr\u00f3 en una gasolinera ubicada en la cabecera municipal, donde dos despachadores fueron asesinados tras ser atacados a balazos.<\/p>\n\n\n\n<p>El segundo hecho se registr\u00f3 en la comunidad Las Brisas, donde sujetos agredieron a balazos a quienes se trasladaban en una camioneta pickup color arena. Lo anterior dio como resultado una persona muerta y otra m\u00e1s lesionada, la cual fue trasladada a un hospital para su atenci\u00f3n m\u00e9dica, y una persona secuestrada.<\/p>\n\n\n\n<p>Hasta el momento, ninguna autoridad ha dado una versi\u00f3n oficial sobre estos dos ataques armados en el municipio de Tamu\u00edn.<\/p>\n\n\n\n<p>(Con informaci\u00f3n de L\u00f3pez-D\u00f3riga Digital)<\/p>\n","protected":false},"excerpt":{"rendered":"<p>Redacci\u00f3n\/Zona Roja Cdmx. Ciudad de M\u00e9xico, a 16 de julio de 2023.- El periodista Nelson&hellip;<\/p>\n","protected":false},"author":2,"featured_media":57610,"comment_status":"closed","ping_status":"open","sticky":false,"template":"","format":"standard","meta":{"_lmt_disableupdate":"","_lmt_disable":"","_jetpack_memberships_contains_paid_content":false,"footnotes":""},"categories":[109,51],"tags":[1016,1746],"class_list":["post-57609","post","type-post","status-publish","format-standard","has-post-thumbnail","hentry","category-minuto-a-minuto","category-zona-roja","tag-asesinato-de-periodistas-en-mexico","tag-violencia-en-mexico"],"jetpack_featured_media_url":"https:\/\/zonaroja.com.mx\/wp-content\/uploads\/2023\/07\/Nelson-Matus-asesinado-Guerrero.jpg","jetpack_sharing_enabled":true,"_links":{"self":[{"href":"https:\/\/zonaroja.com.mx\/index.php?rest_route=\/wp\/v2\/posts\/57609","targetHints":{"allow":["GET"]}}],"collection":[{"href":"https:\/\/zonaroja.com.mx\/index.php?rest_route=\/wp\/v2\/posts"}],"about":[{"href":"https:\/\/zonaroja.com.mx\/index.php?rest_route=\/wp\/v2\/types\/post"}],"author":[{"embeddable":true,"href":"https:\/\/zonaroja.com.mx\/index.php?rest_route=\/wp\/v2\/users\/2"}],"replies":[{"embeddable":true,"href":"https:\/\/zonaroja.com.mx\/index.php?rest_route=%2Fwp%2Fv2%2Fcomments&post=57609"}],"version-history":[{"count":1,"href":"https:\/\/zonaroja.com.mx\/index.php?rest_route=\/wp\/v2\/posts\/57609\/revisions"}],"predecessor-version":[{"id":57612,"href":"https:\/\/zonaroja.com.mx\/index.php?rest_route=\/wp\/v2\/posts\/57609\/revisions\/57612"}],"wp:featuredmedia":[{"embeddable":true,"href":"https:\/\/zonaroja.com.mx\/index.php?rest_route=\/wp\/v2\/media\/57610"}],"wp:attachment":[{"href":"https:\/\/zonaroja.com.mx\/index.php?rest_route=%2Fwp%2Fv2%2Fmedia&parent=57609"}],"wp:term":[{"taxonomy":"category","embeddable":true,"href":"https:\/\/zonaroja.com.mx\/index.php?rest_route=%2Fwp%2Fv2%2Fcategories&post=57609"},{"taxonomy":"post_tag","embeddable":true,"href":"https:\/\/zonaroja.com.mx\/index.php?rest_route=%2Fwp%2Fv2%2Ftags&post=57609"}],"curies":[{"name":"wp","href":"https:\/\/api.w.org\/{rel}","templated":true}]}}