{"id":57613,"date":"2023-07-16T11:00:00","date_gmt":"2023-07-16T16:00:00","guid":{"rendered":"http:\/\/www.zonaroja.com.mx\/?p=57613"},"modified":"2023-07-16T07:42:11","modified_gmt":"2023-07-16T12:42:11","slug":"desaparece-oaxaqueno-en-canada-tenia-un-mes-trabajando-alli","status":"publish","type":"post","link":"https:\/\/zonaroja.com.mx\/?p=57613","title":{"rendered":"Desaparece oaxaque\u00f1o en Canad\u00e1; ten\u00eda un mes trabajando all\u00ed"},"content":{"rendered":"\n<p>Redacci\u00f3n\/Zona Roja Cdmx.<\/p>\n\n\n\n<p>Ciudad de M\u00e9xico, a 16 de julio de 2023.- Un joven mexicano tiene ocho d\u00edas desaparecido en Canad\u00e1.&nbsp;<\/p>\n\n\n\n<p>Se trata de Carlos Tom\u00e1s Aranda Burgoin, originario del estado de Oaxaca, y quien llevaba un mes trabajando en una granja de Osoyoos, una peque\u00f1a ciudad al sur de la Columbia Brit\u00e1nica.<\/p>\n\n\n\n<p>Sin embargo, desde el pasado 6 de julio fue la \u00faltima vez que estuvo en contacto con sus familiares y amigos, por lo que denunciaron ante la organizaci\u00f3n Dignidad Migrante Society, que ayuda a trabajadores extranjeros en dicha provincia canadiense. Posteriormente, la Real Polic\u00eda Montada de Canad\u00e1 emiti\u00f3 una ficha de b\u00fasqueda.<\/p>\n\n\n\n<p>La noticia lleg\u00f3 hasta el senador Emilio \u00c1lvarez Icaza, quien comparti\u00f3 su ficha de b\u00fasqueda en su cuenta de Twitter y etiquet\u00f3 a la Secretar\u00eda de Relaciones Exteriores (SRE).<\/p>\n\n\n\n<p>De acuerdo al documento, Carlos tiene 30 a\u00f1os, es de tez clara, mide 1.75 y sus se\u00f1as particulares son barba, ojos color marr\u00f3n, cabello ondulado y un lunar en el cuello.<\/p>\n\n\n\n<p>El \u00faltimo d\u00eda que fue visto, el 7 de julio en Brar Fruit Stand &amp; Orcharnd, vest\u00eda un pantal\u00f3n gris, chamarra verde con negro y tenis negros.<\/p>\n\n\n\n<p>Por su parte, el Consulado mexicano en Vancouver inform\u00f3 este 14 de julio a trav\u00e9s de un comunicado que ya activ\u00f3 los protocolos de b\u00fasqueda con ayuda de la Polic\u00eda Montada:<\/p>\n\n\n\n<p>\u201cDesde que se tuvo conocimiento de la situaci\u00f3n, el Consulado General en Vancouver estableci\u00f3 una comunicaci\u00f3n fluida con la Real Polic\u00eda Montada de Canad\u00e1, as\u00ed como con los familiares directos y otras personas para identificar cualquier indicio que pudiera abonar a las acciones de b\u00fasqueda y rescate iniciadas por las autoridades canadienses\u201d, se lee en el documento.<\/p>\n\n\n\n<p>El Consulado asegur\u00f3 estar cooperando con Centro de Informaci\u00f3n y Asistencia de Mexicanos (CIAM), con el objetivo de buscar al joven tanto en Canad\u00e1 como en Estados Unidos.<\/p>\n\n\n\n<p>Asimismo, explicaron que la SRE facilit\u00f3 al padre de la v\u00edctima la obtenci\u00f3n de un pasaporte de emergencia, por lo que viaj\u00f3 a Vancouver para tratar de encontrar a su hijo.<\/p>\n\n\n\n<p>Mientras tanto, en Twitter se cre\u00f3 el hashtag #CarlosTeEstamosBuscando, para pedir cualquier informaci\u00f3n que conduzca al paradero de Aranda Burgoin.<\/p>\n\n\n\n<p>Osoyoos es una localidad des\u00e9rtica con poco m\u00e1s de cinco mil habitantes, ubicada a solo 2 kil\u00f3metros al norte del estado de Washington, en EEUU.<\/p>\n\n\n\n<p>Fue fundada a las orillas del lago del mismo nombre, que se asienta en un estrecho valle, y es un destino rodeado de monta\u00f1as, desiertos, praderas y vi\u00f1edos. Y es que el clima aqu\u00ed hace que el cultivo de la uva sea excelente, y las bodegas se encuentran entre los principales atractivos de la zona.<\/p>\n\n\n\n<p>(Informaci\u00f3n de Infobae M\u00e9xico)<\/p>\n","protected":false},"excerpt":{"rendered":"<p>Redacci\u00f3n\/Zona Roja Cdmx. Ciudad de M\u00e9xico, a 16 de julio de 2023.- Un joven mexicano&hellip;<\/p>\n","protected":false},"author":2,"featured_media":57614,"comment_status":"closed","ping_status":"open","sticky":false,"template":"","format":"standard","meta":{"_lmt_disableupdate":"","_lmt_disable":"","_jetpack_memberships_contains_paid_content":false,"footnotes":""},"categories":[109,47],"tags":[3613],"class_list":["post-57613","post","type-post","status-publish","format-standard","has-post-thumbnail","hentry","category-minuto-a-minuto","category-zona-gris","tag-carlos-tomas-aranda-burgoin-canada"],"jetpack_featured_media_url":"https:\/\/zonaroja.com.mx\/wp-content\/uploads\/2023\/07\/Carlos-Tomas-Aranda-oaxaqueno-Canada.jpg","jetpack_sharing_enabled":true,"_links":{"self":[{"href":"https:\/\/zonaroja.com.mx\/index.php?rest_route=\/wp\/v2\/posts\/57613","targetHints":{"allow":["GET"]}}],"collection":[{"href":"https:\/\/zonaroja.com.mx\/index.php?rest_route=\/wp\/v2\/posts"}],"about":[{"href":"https:\/\/zonaroja.com.mx\/index.php?rest_route=\/wp\/v2\/types\/post"}],"author":[{"embeddable":true,"href":"https:\/\/zonaroja.com.mx\/index.php?rest_route=\/wp\/v2\/users\/2"}],"replies":[{"embeddable":true,"href":"https:\/\/zonaroja.com.mx\/index.php?rest_route=%2Fwp%2Fv2%2Fcomments&post=57613"}],"version-history":[{"count":1,"href":"https:\/\/zonaroja.com.mx\/index.php?rest_route=\/wp\/v2\/posts\/57613\/revisions"}],"predecessor-version":[{"id":57615,"href":"https:\/\/zonaroja.com.mx\/index.php?rest_route=\/wp\/v2\/posts\/57613\/revisions\/57615"}],"wp:featuredmedia":[{"embeddable":true,"href":"https:\/\/zonaroja.com.mx\/index.php?rest_route=\/wp\/v2\/media\/57614"}],"wp:attachment":[{"href":"https:\/\/zonaroja.com.mx\/index.php?rest_route=%2Fwp%2Fv2%2Fmedia&parent=57613"}],"wp:term":[{"taxonomy":"category","embeddable":true,"href":"https:\/\/zonaroja.com.mx\/index.php?rest_route=%2Fwp%2Fv2%2Fcategories&post=57613"},{"taxonomy":"post_tag","embeddable":true,"href":"https:\/\/zonaroja.com.mx\/index.php?rest_route=%2Fwp%2Fv2%2Ftags&post=57613"}],"curies":[{"name":"wp","href":"https:\/\/api.w.org\/{rel}","templated":true}]}}