{"id":57621,"date":"2023-07-16T13:47:00","date_gmt":"2023-07-16T18:47:00","guid":{"rendered":"http:\/\/www.zonaroja.com.mx\/?p=57621"},"modified":"2023-07-16T07:48:49","modified_gmt":"2023-07-16T12:48:49","slug":"desplazados-de-oaxaca-piden-apoyo-a-cndh-y-gobernacion-para-su-retorno","status":"publish","type":"post","link":"https:\/\/zonaroja.com.mx\/?p=57621","title":{"rendered":"Desplazados de Oaxaca piden apoyo a CNDH y Gobernaci\u00f3n para su retorno"},"content":{"rendered":"\n<p>Redacci\u00f3n\/Zona Roja Cdmx.<\/p>\n\n\n\n<p>Ciudad de M\u00e9xico, a 16 de agosto de 2023.- Desde octubre de 2021, unas 60 familias fueron desplazadas de la comunidad de Guerrero Grande, San Esteban Atatlahuca, en el estado de Oaxaca.&nbsp;<\/p>\n\n\n\n<p>A casi dos a\u00f1os de ello, integrantes del Movimiento Nacional de Usuarios (MNU) enviaron cartas a la Secretar\u00eda de Gobernaci\u00f3n y a la Comisi\u00f3n Nacional de Derechos Humanos para solicitar a los titulares de esas instancias su intervenci\u00f3n, con el fin de generar las condiciones de seguridad para el retorno a su poblado.<\/p>\n\n\n\n<p>En las misivas demandaron generar condiciones para el di\u00e1logo con quienes actualmente residen en la comunidad. Piden a ambas dependencias su \u201cintervenci\u00f3n ante el gobierno del estado de Oaxaca para el retorno de nuestros compa\u00f1eros a su comunidad Guerrero Grande, San Esteban Atatlahuca, distrito de Tlaxiaco\u201d.<\/p>\n\n\n\n<p>Indican que \u201clas familias desplazadas viven en condiciones deplorables en el albergue del municipio de San Esteban \u00adAtatlahuca; que est\u00e1 siendo insuficiente para ellas, y necesitan de un espacio m\u00e1s amplio\u201d, por lo que solicitan una \u201caudiencia\u201d para tratar el asunto.<\/p>\n\n\n\n<p>Aseguran que el \u201cCentro de Derechos Humanos y Asesor\u00eda a Pueblos Ind\u00edgenas\u201d, que asesora a quienes habitan ahora en la zona, \u201cse ha mostrado reacio a retomar las pl\u00e1ticas para el retorno de las familias\u201d y precisan que s\u00f3lo la intervenci\u00f3n de la SG y de la CNDH ante el gobierno de Oaxaca podr\u00eda cambiar la situaci\u00f3n y permitir \u201cque las familias retornen a sus casas y puedan trabajar sus parcelas como lo han hecho desde siempre\u201d.<\/p>\n\n\n\n<p>(Informaci\u00f3n de \u201cLa Jornada\u201d)<\/p>\n","protected":false},"excerpt":{"rendered":"<p>Redacci\u00f3n\/Zona Roja Cdmx. Ciudad de M\u00e9xico, a 16 de agosto de 2023.- Desde octubre de&hellip;<\/p>\n","protected":false},"author":2,"featured_media":34914,"comment_status":"closed","ping_status":"open","sticky":false,"template":"","format":"standard","meta":{"_lmt_disableupdate":"","_lmt_disable":"","_jetpack_memberships_contains_paid_content":false,"footnotes":""},"categories":[109,47],"tags":[1025],"class_list":["post-57621","post","type-post","status-publish","format-standard","has-post-thumbnail","hentry","category-minuto-a-minuto","category-zona-gris","tag-san-esteban-atatlahuca"],"jetpack_featured_media_url":"https:\/\/zonaroja.com.mx\/wp-content\/uploads\/2021\/12\/Guerrero-Grande-Atatlahuca.jpg","jetpack_sharing_enabled":true,"_links":{"self":[{"href":"https:\/\/zonaroja.com.mx\/index.php?rest_route=\/wp\/v2\/posts\/57621","targetHints":{"allow":["GET"]}}],"collection":[{"href":"https:\/\/zonaroja.com.mx\/index.php?rest_route=\/wp\/v2\/posts"}],"about":[{"href":"https:\/\/zonaroja.com.mx\/index.php?rest_route=\/wp\/v2\/types\/post"}],"author":[{"embeddable":true,"href":"https:\/\/zonaroja.com.mx\/index.php?rest_route=\/wp\/v2\/users\/2"}],"replies":[{"embeddable":true,"href":"https:\/\/zonaroja.com.mx\/index.php?rest_route=%2Fwp%2Fv2%2Fcomments&post=57621"}],"version-history":[{"count":1,"href":"https:\/\/zonaroja.com.mx\/index.php?rest_route=\/wp\/v2\/posts\/57621\/revisions"}],"predecessor-version":[{"id":57622,"href":"https:\/\/zonaroja.com.mx\/index.php?rest_route=\/wp\/v2\/posts\/57621\/revisions\/57622"}],"wp:featuredmedia":[{"embeddable":true,"href":"https:\/\/zonaroja.com.mx\/index.php?rest_route=\/wp\/v2\/media\/34914"}],"wp:attachment":[{"href":"https:\/\/zonaroja.com.mx\/index.php?rest_route=%2Fwp%2Fv2%2Fmedia&parent=57621"}],"wp:term":[{"taxonomy":"category","embeddable":true,"href":"https:\/\/zonaroja.com.mx\/index.php?rest_route=%2Fwp%2Fv2%2Fcategories&post=57621"},{"taxonomy":"post_tag","embeddable":true,"href":"https:\/\/zonaroja.com.mx\/index.php?rest_route=%2Fwp%2Fv2%2Ftags&post=57621"}],"curies":[{"name":"wp","href":"https:\/\/api.w.org\/{rel}","templated":true}]}}