{"id":57623,"date":"2023-07-17T10:50:00","date_gmt":"2023-07-17T15:50:00","guid":{"rendered":"http:\/\/www.zonaroja.com.mx\/?p=57623"},"modified":"2023-07-16T19:36:47","modified_gmt":"2023-07-17T00:36:47","slug":"participa-la-unam-en-labores-de-reforestacion-en-mixteca","status":"publish","type":"post","link":"https:\/\/zonaroja.com.mx\/?p=57623","title":{"rendered":"Participa la UNAM en labores de reforestaci\u00f3n en Mixteca"},"content":{"rendered":"\n<p>Redacci\u00f3n\/Zona Roja Cdmx.<\/p>\n\n\n\n<p>Ciudad de M\u00e9xico, a 17 de julio de 2023.- Un equipo de investigadores de la Universidad Nacional Aut\u00f3noma de M\u00e9xico (UNAM) participa en un proyecto que busca revertir da\u00f1os ambientales en diversas zonas boscosas de la Mixteca Alta de Oaxaca, como parte de una iniciativa comunitaria que involucra a organizaciones civiles, gobierno y habitantes.<\/p>\n\n\n\n<p>\u201cEn el pasado, durante largos periodos hubo mucha erosi\u00f3n debido al cambio de uso del suelo, principalmente por la ganader\u00eda. Pero en la zona del geoparque de la Mixteca Alta, donde trabajamos, hay zonas de recuperaci\u00f3n del bosque, procesos tanto naturales como propiciados por las comunidades\u201d, explic\u00f3 Quetzalc\u00f3atl Orozco Ram\u00edrez, investigador de Instituto de Geograf\u00eda de la UNAM.<\/p>\n\n\n\n<p>Indic\u00f3 que las condiciones del lugar son de un bosque secundario que est\u00e1 en proceso de recuperaci\u00f3n, lo cual puede tomar varias d\u00e9cadas. Los primeros trabajos del geoparque, en cuya creaci\u00f3n colabor\u00f3 la UNAM en 2013, ayudaron a agrupar informaci\u00f3n ambiental de la zona y para 2018 se logr\u00f3 clasificar los diferentes tipos de vegetaci\u00f3n, tomando en cuenta datos cient\u00edficos y el conocimiento de las comunidades.<\/p>\n\n\n\n<p>En la restauraci\u00f3n del lugar han influido diversos factores, dijo; entre ellos un cambio en las actividades econ\u00f3micas principales de las comunidades, que han dejado de hacer ganader\u00eda extensiva (cada vez hay menos familias que pastorean chivos ah\u00ed) y ahora se dedican a otras actividades relacionadas con servicios \u201cAl diversificarse la econom\u00eda ha bajado la presi\u00f3n sobre los recursos naturales\u201d, apunt\u00f3 Orozco.<\/p>\n\n\n\n<p>(Informaci\u00f3n de \u201cLa Jornada\u201d)<\/p>\n","protected":false},"excerpt":{"rendered":"<p>Redacci\u00f3n\/Zona Roja Cdmx. Ciudad de M\u00e9xico, a 17 de julio de 2023.- Un equipo de&hellip;<\/p>\n","protected":false},"author":2,"featured_media":57648,"comment_status":"closed","ping_status":"open","sticky":false,"template":"","format":"standard","meta":{"_lmt_disableupdate":"","_lmt_disable":"","_jetpack_memberships_contains_paid_content":false,"footnotes":""},"categories":[109,46],"tags":[],"class_list":["post-57623","post","type-post","status-publish","format-standard","has-post-thumbnail","hentry","category-minuto-a-minuto","category-zona-blanca"],"jetpack_featured_media_url":"https:\/\/zonaroja.com.mx\/wp-content\/uploads\/2023\/07\/Reforestacion-Mixteca.jpeg","jetpack_sharing_enabled":true,"_links":{"self":[{"href":"https:\/\/zonaroja.com.mx\/index.php?rest_route=\/wp\/v2\/posts\/57623","targetHints":{"allow":["GET"]}}],"collection":[{"href":"https:\/\/zonaroja.com.mx\/index.php?rest_route=\/wp\/v2\/posts"}],"about":[{"href":"https:\/\/zonaroja.com.mx\/index.php?rest_route=\/wp\/v2\/types\/post"}],"author":[{"embeddable":true,"href":"https:\/\/zonaroja.com.mx\/index.php?rest_route=\/wp\/v2\/users\/2"}],"replies":[{"embeddable":true,"href":"https:\/\/zonaroja.com.mx\/index.php?rest_route=%2Fwp%2Fv2%2Fcomments&post=57623"}],"version-history":[{"count":1,"href":"https:\/\/zonaroja.com.mx\/index.php?rest_route=\/wp\/v2\/posts\/57623\/revisions"}],"predecessor-version":[{"id":57624,"href":"https:\/\/zonaroja.com.mx\/index.php?rest_route=\/wp\/v2\/posts\/57623\/revisions\/57624"}],"wp:featuredmedia":[{"embeddable":true,"href":"https:\/\/zonaroja.com.mx\/index.php?rest_route=\/wp\/v2\/media\/57648"}],"wp:attachment":[{"href":"https:\/\/zonaroja.com.mx\/index.php?rest_route=%2Fwp%2Fv2%2Fmedia&parent=57623"}],"wp:term":[{"taxonomy":"category","embeddable":true,"href":"https:\/\/zonaroja.com.mx\/index.php?rest_route=%2Fwp%2Fv2%2Fcategories&post=57623"},{"taxonomy":"post_tag","embeddable":true,"href":"https:\/\/zonaroja.com.mx\/index.php?rest_route=%2Fwp%2Fv2%2Ftags&post=57623"}],"curies":[{"name":"wp","href":"https:\/\/api.w.org\/{rel}","templated":true}]}}