{"id":57625,"date":"2023-07-16T12:00:00","date_gmt":"2023-07-16T17:00:00","guid":{"rendered":"http:\/\/www.zonaroja.com.mx\/?p=57625"},"modified":"2023-07-16T07:55:07","modified_gmt":"2023-07-16T12:55:07","slug":"triunfa-una-vez-mas-dona-lichita-corredora-putleca-orgullo-oaxaqueno","status":"publish","type":"post","link":"https:\/\/zonaroja.com.mx\/?p=57625","title":{"rendered":"Triunfa una vez m\u00e1s \u201cDo\u00f1a Lichita\u201d, corredora putleca, orgullo oaxaque\u00f1o"},"content":{"rendered":"\n<p>Yuridiana Sosa\/Zona Roja.<\/p>\n\n\n\n<p>Oaxaca de Ju\u00e1rez, Oax., a 15 de julio de 2023.- Como si tuviera alas en sus pies, Feliciana Bautista Hern\u00e1ndez, \u201cDo\u00f1a Licha\u201d, supera cada carrera, rompe sus propios r\u00e9cords y pone en alto el nombre de Oaxaca.<\/p>\n\n\n\n<p>As\u00ed lo hizo una vez m\u00e1s la originaria de Putla Villa de Guerrero, de la Sierra Sur, en el Ultramarat\u00f3n de 100 kil\u00f3metros que se realiz\u00f3 en Barranca La Sinforosa en Guachochi, Chihuahua en la categor\u00eda veteranos, en el que obtuvo el primer lugar.<\/p>\n\n\n\n<p>La mujer de 54 a\u00f1os de edad, madre de familia y corredora de coraz\u00f3n desde hace 14 a\u00f1os, se ha convertido en ejemplo de superaci\u00f3n y un orgullo para su natal Putla, en donde tras su participaci\u00f3n entre el 7 y 9 de julio, fue recibida por sus vecinos en la terminal en la carretera P\u00e9rez Gazga, como se\u00f1al de apoyo y admiraci\u00f3n.<\/p>\n\n\n\n<p>Tal es el respeto a su profesionalismo que la comunidad la considera como la mejor atleta que Putla ha tenido en varios a\u00f1os, pues ha logrado poner en el mapa del atletismo a su municipio a nivel nacional.<\/p>\n\n\n\n<p>\u201cDo\u00f1a Lichita\u201d super\u00f3 este 2023 sus propias marcas, pues en el 2022 obtuvo en una competencia similar el tercer lugar.<\/p>\n\n\n\n<p>INTENSA CARRERA<\/p>\n\n\n\n<p>La competidora autodidacta comenz\u00f3 su carrera profesional como corredora hace unos 14 a\u00f1os, luego de una vida llena de diversos retos que siempre le daban se\u00f1ales que su pasi\u00f3n era ser una atleta.<\/p>\n\n\n\n<p>Con la mente clara de que la edad no importa, comenz\u00f3 su preparaci\u00f3n y por fin en 2009 dio el gran paso en su primera competencia, en la que obtuvo el segundo lugar tras correr seis kil\u00f3metros.<\/p>\n\n\n\n<p>Desde ese entonces nada la detuvo, logrando con el paso del tiempo su reconocimiento en las diferentes carreras, como ocurri\u00f3 en 2016 en su primer medio marat\u00f3n de 21 kil\u00f3metros en Tlaxiaco, en el que gan\u00f3 el primer lugar.<\/p>\n\n\n\n<p>En 2018 tuvo importantes participaciones, como fue en el 22 Ultramarat\u00f3n Ca\u00f1ones, en Guachochi, Chihuahua, de 100 kil\u00f3metros, coloc\u00e1ndose entre las mejores cinco corredoras.<\/p>\n\n\n\n<p>Tambi\u00e9n ese a\u00f1o particip\u00f3 en el Ultramarat\u00f3n de Puebla, de 50 kil\u00f3metros y otro m\u00e1s en Barranca del Cobre, Chihuahua de 80 kil\u00f3metros.<\/p>\n\n\n\n<p>Es por eso que \u201cDo\u00f1a Licha\u201d, madre de dos hijos, se ha convertido en un orgullo oaxaque\u00f1o.<\/p>\n","protected":false},"excerpt":{"rendered":"<p>Yuridiana Sosa\/Zona Roja. Oaxaca de Ju\u00e1rez, Oax., a 15 de julio de 2023.- Como si&hellip;<\/p>\n","protected":false},"author":2,"featured_media":57626,"comment_status":"closed","ping_status":"open","sticky":false,"template":"","format":"standard","meta":{"_lmt_disableupdate":"","_lmt_disable":"","_jetpack_memberships_contains_paid_content":false,"footnotes":""},"categories":[1],"tags":[],"class_list":["post-57625","post","type-post","status-publish","format-standard","has-post-thumbnail","hentry","category-sin-categoria"],"jetpack_featured_media_url":"https:\/\/zonaroja.com.mx\/wp-content\/uploads\/2023\/07\/Feliciana-Bautista-dona-Licha-Lichita.jpeg","jetpack_sharing_enabled":true,"_links":{"self":[{"href":"https:\/\/zonaroja.com.mx\/index.php?rest_route=\/wp\/v2\/posts\/57625","targetHints":{"allow":["GET"]}}],"collection":[{"href":"https:\/\/zonaroja.com.mx\/index.php?rest_route=\/wp\/v2\/posts"}],"about":[{"href":"https:\/\/zonaroja.com.mx\/index.php?rest_route=\/wp\/v2\/types\/post"}],"author":[{"embeddable":true,"href":"https:\/\/zonaroja.com.mx\/index.php?rest_route=\/wp\/v2\/users\/2"}],"replies":[{"embeddable":true,"href":"https:\/\/zonaroja.com.mx\/index.php?rest_route=%2Fwp%2Fv2%2Fcomments&post=57625"}],"version-history":[{"count":1,"href":"https:\/\/zonaroja.com.mx\/index.php?rest_route=\/wp\/v2\/posts\/57625\/revisions"}],"predecessor-version":[{"id":57627,"href":"https:\/\/zonaroja.com.mx\/index.php?rest_route=\/wp\/v2\/posts\/57625\/revisions\/57627"}],"wp:featuredmedia":[{"embeddable":true,"href":"https:\/\/zonaroja.com.mx\/index.php?rest_route=\/wp\/v2\/media\/57626"}],"wp:attachment":[{"href":"https:\/\/zonaroja.com.mx\/index.php?rest_route=%2Fwp%2Fv2%2Fmedia&parent=57625"}],"wp:term":[{"taxonomy":"category","embeddable":true,"href":"https:\/\/zonaroja.com.mx\/index.php?rest_route=%2Fwp%2Fv2%2Fcategories&post=57625"},{"taxonomy":"post_tag","embeddable":true,"href":"https:\/\/zonaroja.com.mx\/index.php?rest_route=%2Fwp%2Fv2%2Ftags&post=57625"}],"curies":[{"name":"wp","href":"https:\/\/api.w.org\/{rel}","templated":true}]}}