{"id":57628,"date":"2023-07-16T11:55:00","date_gmt":"2023-07-16T16:55:00","guid":{"rendered":"http:\/\/www.zonaroja.com.mx\/?p=57628"},"modified":"2023-07-16T08:04:37","modified_gmt":"2023-07-16T13:04:37","slug":"detiene-la-fiscalia-a-un-individuo-senalado-de-asesinar-a-integrante-del-mult","status":"publish","type":"post","link":"https:\/\/zonaroja.com.mx\/?p=57628","title":{"rendered":"Detiene la Fiscal\u00eda a un individuo se\u00f1alado de asesinar a integrante del MULT"},"content":{"rendered":"\n<p>Redacci\u00f3n\/Zona Roja.&nbsp;<\/p>\n\n\n\n<p>Oaxaca de Ju\u00e1rez, Oax., a 16 de julio de 2023.- &nbsp;En colaboraci\u00f3n con la Fiscal\u00eda de Tamaulipas, la Fiscal\u00eda General del Estado de Oaxaca &nbsp;(FGEO), a trav\u00e9s de la Agencia Estatal de Investigaciones (AEI), dio cumplimiento a una orden de aprehensi\u00f3n contra una persona identificada como J.H.B., por el delito de homicidio calificado con ventaja cometido en contra M.S.T., quien era integrante del Movimiento de Unificaci\u00f3n y Lucha Triqui (MULT) y ex agente municipal de San Miguel Copala, por hechos ocurridos en la regi\u00f3n Mixteca.<\/p>\n\n\n\n<p>De acuerdo con el expediente penal, el 7 de noviembre de 2018 en el camino de terracer\u00eda que conduce del Barrio de Guadalupe Yutee a la comunidad de Constancia del Rosario, la v\u00edctima M. S.T., &#8211;quien era profesor de educaci\u00f3n primaria&#8211; viajaba en su veh\u00edculo, cuando J.H.B., presuntamente le dispar\u00f3 ocasion\u00e1ndole heridas que posteriormente le provocaron la muerte.<\/p>\n\n\n\n<p>Al tomar conocimiento del caso, la Fiscal\u00eda General del Estado inici\u00f3 la investigaci\u00f3n correspondiente, a trav\u00e9s de la Vicefiscal\u00eda Regional de la Mixteca, misma que dio como resultado la obtenci\u00f3n de una orden de aprehensi\u00f3n que se ejecut\u00f3 en contra de J.H.B., en Tamaulipas.<\/p>\n\n\n\n<p>A su llegada a Oaxaca, el imputado fue presentado ante el Juez, quien calific\u00f3 de legal la detenci\u00f3n y dict\u00f3 la medida cautelar de prisi\u00f3n preventiva, la defensa solicit\u00f3 la ampliaci\u00f3n del t\u00e9rmino constitucional se\u00f1al\u00e1ndose el 19 de julio la audiencia de vinculaci\u00f3n a proceso.<\/p>\n\n\n\n<p>La FGEO realiza las acciones necesarias para atender los delitos de alto impacto y que trastocan el tejido social, pues el compromiso del organismo es garantizar mejores procesos de procuraci\u00f3n de justicia.&nbsp;&nbsp;<\/p>\n","protected":false},"excerpt":{"rendered":"<p>Redacci\u00f3n\/Zona Roja.&nbsp; Oaxaca de Ju\u00e1rez, Oax., a 16 de julio de 2023.- &nbsp;En colaboraci\u00f3n con&hellip;<\/p>\n","protected":false},"author":2,"featured_media":29765,"comment_status":"closed","ping_status":"open","sticky":false,"template":"","format":"standard","meta":{"_lmt_disableupdate":"","_lmt_disable":"","_jetpack_memberships_contains_paid_content":false,"footnotes":""},"categories":[109,46],"tags":[494],"class_list":["post-57628","post","type-post","status-publish","format-standard","has-post-thumbnail","hentry","category-minuto-a-minuto","category-zona-blanca","tag-fiscalia-general-del-estado-de-oaxaca"],"jetpack_featured_media_url":"https:\/\/zonaroja.com.mx\/wp-content\/uploads\/2021\/07\/Movimiento-de-Unificacion-y-Lucha-Triqui-MULT.jpg","jetpack_sharing_enabled":true,"_links":{"self":[{"href":"https:\/\/zonaroja.com.mx\/index.php?rest_route=\/wp\/v2\/posts\/57628","targetHints":{"allow":["GET"]}}],"collection":[{"href":"https:\/\/zonaroja.com.mx\/index.php?rest_route=\/wp\/v2\/posts"}],"about":[{"href":"https:\/\/zonaroja.com.mx\/index.php?rest_route=\/wp\/v2\/types\/post"}],"author":[{"embeddable":true,"href":"https:\/\/zonaroja.com.mx\/index.php?rest_route=\/wp\/v2\/users\/2"}],"replies":[{"embeddable":true,"href":"https:\/\/zonaroja.com.mx\/index.php?rest_route=%2Fwp%2Fv2%2Fcomments&post=57628"}],"version-history":[{"count":1,"href":"https:\/\/zonaroja.com.mx\/index.php?rest_route=\/wp\/v2\/posts\/57628\/revisions"}],"predecessor-version":[{"id":57629,"href":"https:\/\/zonaroja.com.mx\/index.php?rest_route=\/wp\/v2\/posts\/57628\/revisions\/57629"}],"wp:featuredmedia":[{"embeddable":true,"href":"https:\/\/zonaroja.com.mx\/index.php?rest_route=\/wp\/v2\/media\/29765"}],"wp:attachment":[{"href":"https:\/\/zonaroja.com.mx\/index.php?rest_route=%2Fwp%2Fv2%2Fmedia&parent=57628"}],"wp:term":[{"taxonomy":"category","embeddable":true,"href":"https:\/\/zonaroja.com.mx\/index.php?rest_route=%2Fwp%2Fv2%2Fcategories&post=57628"},{"taxonomy":"post_tag","embeddable":true,"href":"https:\/\/zonaroja.com.mx\/index.php?rest_route=%2Fwp%2Fv2%2Ftags&post=57628"}],"curies":[{"name":"wp","href":"https:\/\/api.w.org\/{rel}","templated":true}]}}