{"id":5763,"date":"2019-11-15T15:44:20","date_gmt":"2019-11-15T21:44:20","guid":{"rendered":"http:\/\/www.zonaroja.com.mx\/?p=5763"},"modified":"2019-11-15T15:44:23","modified_gmt":"2019-11-15T21:44:23","slug":"descalifican-diputados-de-morena-informe-de-gobernador-murat","status":"publish","type":"post","link":"https:\/\/zonaroja.com.mx\/?p=5763","title":{"rendered":"Descalifican diputados de Morena informe de gobernador Murat"},"content":{"rendered":"\n<p>Redacci\u00f3n\/Zona Roja.<\/p>\n\n\n\n<p>San Raymundo Jalpan, Oax., 15 de noviembre\nde 2019.- &nbsp;La fracci\u00f3n parlamentaria del\nPartido Morena en el Congreso de Oaxaca descalific\u00f3 las \u201ccifras alentadoras\u201d\ndel Tercer Informe del gobernador Alejandro Murat Hinojosa y le pidi\u00f3 no faltar\nel respeto a los oaxaque\u00f1os con datos que est\u00e1n fuera de la realidad.<\/p>\n\n\n\n<p>Tras la sesi\u00f3n ordinaria de este\nviernes, en que adem\u00e1s dio inicio el segundo a\u00f1o de ejercicio legislativo, la\nvocera de la bancada, Delfina Guzm\u00e1n, ley\u00f3 un posicionamiento.<\/p>\n\n\n\n<p>Dijo que los diputados de Morena analizar\u00e1n\ndetenidamente y de forma responsable la documentaci\u00f3n entregada por el\nmandatario, as\u00ed como solicitar la presencia del funcionariado p\u00fablico para\nrealizar la glosa de actividades.<\/p>\n\n\n\n<p>Sin embargo, adelantaron que no\ncomparten las cifras alentadoras que present\u00f3 el titular del Poder Ejecutivo,\nlas cuales calificaron como una falta de respeto a la ciudadan\u00eda, para hacer\ncreer que su gobierno est\u00e1 en el rumbo correcto cuando la realidad es distinta.<\/p>\n\n\n\n<p>Explicaron que s\u00f3lo en el tema de seguridad, la realidad que enfrenta Oaxaca en la actualidad es sumamente preocupante ya que la sangre, la violencia y la muerte se han vuelto cotidianas en la entidad con un visible incremento de homicidios, feminicidios y desaparici\u00f3n de personas, lo cual echa abajo el dicho de que la entidad se encuentra dentro de las 10 m\u00e1s seguridad del pa\u00eds.<\/p>\n\n\n\n<figure class=\"wp-block-embed-twitter wp-block-embed is-type-rich is-provider-twitter\"><div class=\"wp-block-embed__wrapper\">\n<div class=\"twitter-tweet\"><blockquote class=\"twitter-tweet\" data-lang=\"es\"><p lang=\"es\" dir=\"ltr\">La mayor\u00eda de diputados del Partido Morena en el <a href=\"https:\/\/twitter.com\/CongresoOaxLXIV?ref_src=twsrc%5Etfw\">@CongresoOaxLXIV<\/a> emiti\u00f3 hoy su postura en torno al <a href=\"https:\/\/twitter.com\/hashtag\/TercerInformeOaxaca?src=hash&amp;ref_src=twsrc%5Etfw\">#TercerInformeOaxaca<\/a> de <a href=\"https:\/\/twitter.com\/alejandromurat?ref_src=twsrc%5Etfw\">@alejandromurat<\/a>. Criticaron la falta de obra p\u00fablica, la inseguridad, el desorden en el estado y los escasos avances a tres a\u00f1os de mandato. <a href=\"https:\/\/t.co\/XPWYYmYt3I\">pic.twitter.com\/XPWYYmYt3I<\/a><\/p>&mdash; Zona Roja Oaxaca (@MexRoja) <a href=\"https:\/\/twitter.com\/MexRoja\/status\/1195416701711605761?ref_src=twsrc%5Etfw\">15 de noviembre de 2019<\/a><\/blockquote><\/div>\n<\/div><\/figure>\n\n\n\n<p>As\u00ed mismo, cuestionaron las malas\ncondiciones en la que los elementos de seguridad desempe\u00f1an su labor, situaci\u00f3n\nque incrementa el riesgo en la estrategia de seguridad implementada por las\nautoridades estatales.&nbsp; <\/p>\n\n\n\n<p>\u201cEl gobernador, convertido en\ninvestigador, defensor de oficio y juez, que exculpa y promulga inocencias en\ntorno del brutal ataque en el que fueron asesinados cinco agentes de la Polic\u00eda\nEstatal, condenados a muerte por su propia administraci\u00f3n, al enviarlos\ndesapertrechados, mal pagados, sin capacitaci\u00f3n y sin estrategia\u201d, se\u00f1alaron.<\/p>\n\n\n\n<p>En materia de educaci\u00f3n las cosas no\nest\u00e1n mejor, de acuerdo con las y los integrantes de la bancada morenista, ya\nque la tasa de educaci\u00f3n superior est\u00e1 por debajo a la media nacional&nbsp; y las universidades del gobierno del estado,\nde manera vergonzosa, siguen cobrando cuotas tan altas como las escuelas\nprivadas.<\/p>\n\n\n\n<p>CORRUPCI\u00d3N LATENTE<\/p>\n\n\n\n<p>Pese a los avances citados en materia\necon\u00f3mica, 48% de las empresas, casi la mitad en la entidad, enfrentaron actos\nde corrupci\u00f3n al interactuar con el gobierno, de acuerdo con cifras de\nCoparmex.<\/p>\n\n\n\n<p>Mientras que el tema de reconstrucci\u00f3n,\ntras los sismos del 2017, sigue siendo uno de los grandes pendientes de la\nadministraci\u00f3n muratista, de acuerdo con datos del magisterio 232 escuelas\nsiguen en ruinas y m\u00e1s de cuatro mil 500 estudiantes toman clases en\ncondiciones no adecuadas.<\/p>\n\n\n\n<p>Coincidieron en que sigue siendo\ninsultante la pobreza en Oaxaca, ya que de acuerdo con el Coneval, 951 mil 800\npersonas, 23.3 por ciento de la poblaci\u00f3n, se encuentran en pobreza extrema,\nraz\u00f3n por la que se mantendr\u00e1n vigilantes del refinanciamiento aprobado\nrecientemente a fin de que sea canalizado a las \u00e1reas en donde en verdad se\nnecesita y sin que la corrupci\u00f3n haga de las suyas.<\/p>\n\n\n\n<p>\u201cDesigualdad, violencia y corrupci\u00f3n\nson el sello de los tiempos actuales en el estado de Oaxaca. Y lo son a tambor\nbatiente\u201d, se\u00f1alaron.<\/p>\n\n\n\n<p>Debido a los se\u00f1alamientos anteriores\nindicaron que es indispensable que el mandatario estatal eval\u00fae a su personal y\nse hagan los cambios necesarios para que redirigir el rumbo de la entidad.<\/p>\n\n\n\n<p>Lo anterior tomando en cuenta los\nconocimiento y capacidades de las personas que designe y no contin\u00faen siendo\ncuotas pol\u00edticas con gente que desconoce los temas del \u00e1rea que representa.<\/p>\n\n\n\n<p>COMPORTAMIENTO SERIO<\/p>\n\n\n\n<p>Finalmente y en torno al funcionarido,\np\u00fablico pidieron un comportamiento institucional, serio y profesional a los\nservidores p\u00fablicos que comparezcan en la Glosa del Tercer Informe para que\nrindan cuentas claras, precisas y transparentes del trabajo realizado en el\n\u00faltimo a\u00f1o y la primera mitad de la presente administraci\u00f3n.<\/p>\n\n\n\n<p>As\u00ed mismo, para que no asistan al Congreso como si fuera d\u00eda de fiesta, lucimiento personal y acarreo de trabajadores; por el contrario, asuman una actitud responsable con el objetivo de rendir cuentas m\u00e1s que las y los legisladores, a la ciudadan\u00eda en general que merece conocer la realidad del estado.<\/p>\n\n\n\n<figure class=\"wp-block-embed-twitter wp-block-embed is-type-rich is-provider-twitter\"><div class=\"wp-block-embed__wrapper\">\n<div class=\"twitter-tweet\"><blockquote class=\"twitter-tweet\" data-lang=\"es\"><p lang=\"es\" dir=\"ltr\">En sesi\u00f3n ordinaria del pleno del <a href=\"https:\/\/twitter.com\/CongresoOaxLXIV?ref_src=twsrc%5Etfw\">@CongresoOaxLXIV<\/a>, el gobernador <a href=\"https:\/\/twitter.com\/alejandromurat?ref_src=twsrc%5Etfw\">@alejandromurat<\/a> entreg\u00f3 su Tercer Informe y dio un mensaje en tribuna. <a href=\"https:\/\/t.co\/dNmmnJAmdG\">pic.twitter.com\/dNmmnJAmdG<\/a><\/p>&mdash; Zona Roja Oaxaca (@MexRoja) <a href=\"https:\/\/twitter.com\/MexRoja\/status\/1195355777600512005?ref_src=twsrc%5Etfw\">15 de noviembre de 2019<\/a><\/blockquote><\/div>\n<\/div><\/figure>\n\n\n\n<p>En una sesi\u00f3n de madruguete, alrededor\nde las siete de la ma\u00f1ana se instal\u00f3 la Diputaci\u00f3n Permanente, para decretar la\nclausura y posterior inicio del periodo ordinario del segundo a\u00f1o de ejercicio,\na las ocho de la ma\u00f1ana.<\/p>\n\n\n\n<p>En el pleno, el gobernador Alejandro\nMurat hizo entrega de su Tercer Informe de actividades al pleno del Congreso\nlocal.<\/p>\n\n\n\n<p>Con n\u00famero alentadores, el mandatario\nestatal manifest\u00f3 que Oaxaca va por el camino correcto en materia de salud,\neducaci\u00f3n, econom\u00eda, seguridad, asistencia social, entre otros grandes rubros,\nasegurando que la segunda mitad de su administraci\u00f3n reforzar\u00e1 las acciones en\nbeneficio de la ciudadan\u00eda.<\/p>\n\n\n\n<p>M\u00e1s tarde, en el Centro Cultural y de\nConvenciones, con la presencia de la secretaria de Gobernaci\u00f3n, Olga S\u00e1nchez\nCordero, en representaci\u00f3n del presidente de la Rep\u00fablica, Andr\u00e9s Manuel L\u00f3pez\nObrador, dio un mensaje con motivo de su informe.<\/p>\n","protected":false},"excerpt":{"rendered":"<p>Redacci\u00f3n\/Zona Roja. San Raymundo Jalpan, Oax., 15 de noviembre de 2019.- &nbsp;La fracci\u00f3n parlamentaria del&hellip;<\/p>\n","protected":false},"author":2,"featured_media":5764,"comment_status":"closed","ping_status":"open","sticky":false,"template":"","format":"standard","meta":{"_lmt_disableupdate":"","_lmt_disable":"","_jetpack_memberships_contains_paid_content":false,"footnotes":""},"categories":[109,47],"tags":[173,1015],"class_list":["post-5763","post","type-post","status-publish","format-standard","has-post-thumbnail","hentry","category-minuto-a-minuto","category-zona-gris","tag-alejandro-murat-hinojosa","tag-tercer-informe-de-gobierno"],"jetpack_featured_media_url":"https:\/\/zonaroja.com.mx\/wp-content\/uploads\/2019\/11\/Diputados-Morena.jpg","jetpack_sharing_enabled":true,"_links":{"self":[{"href":"https:\/\/zonaroja.com.mx\/index.php?rest_route=\/wp\/v2\/posts\/5763","targetHints":{"allow":["GET"]}}],"collection":[{"href":"https:\/\/zonaroja.com.mx\/index.php?rest_route=\/wp\/v2\/posts"}],"about":[{"href":"https:\/\/zonaroja.com.mx\/index.php?rest_route=\/wp\/v2\/types\/post"}],"author":[{"embeddable":true,"href":"https:\/\/zonaroja.com.mx\/index.php?rest_route=\/wp\/v2\/users\/2"}],"replies":[{"embeddable":true,"href":"https:\/\/zonaroja.com.mx\/index.php?rest_route=%2Fwp%2Fv2%2Fcomments&post=5763"}],"version-history":[{"count":1,"href":"https:\/\/zonaroja.com.mx\/index.php?rest_route=\/wp\/v2\/posts\/5763\/revisions"}],"predecessor-version":[{"id":5765,"href":"https:\/\/zonaroja.com.mx\/index.php?rest_route=\/wp\/v2\/posts\/5763\/revisions\/5765"}],"wp:featuredmedia":[{"embeddable":true,"href":"https:\/\/zonaroja.com.mx\/index.php?rest_route=\/wp\/v2\/media\/5764"}],"wp:attachment":[{"href":"https:\/\/zonaroja.com.mx\/index.php?rest_route=%2Fwp%2Fv2%2Fmedia&parent=5763"}],"wp:term":[{"taxonomy":"category","embeddable":true,"href":"https:\/\/zonaroja.com.mx\/index.php?rest_route=%2Fwp%2Fv2%2Fcategories&post=5763"},{"taxonomy":"post_tag","embeddable":true,"href":"https:\/\/zonaroja.com.mx\/index.php?rest_route=%2Fwp%2Fv2%2Ftags&post=5763"}],"curies":[{"name":"wp","href":"https:\/\/api.w.org\/{rel}","templated":true}]}}