{"id":57630,"date":"2023-07-16T06:48:00","date_gmt":"2023-07-16T11:48:00","guid":{"rendered":"http:\/\/www.zonaroja.com.mx\/?p=57630"},"modified":"2023-07-16T08:49:03","modified_gmt":"2023-07-16T13:49:03","slug":"fortalece-rodriguez-alamilla-las-vicefiscalias-regionales-de-oaxaca","status":"publish","type":"post","link":"https:\/\/zonaroja.com.mx\/?p=57630","title":{"rendered":"Fortalece Rodr\u00edguez Alamilla las Vicefiscal\u00edas Regionales de Oaxaca"},"content":{"rendered":"\n<p>Redacci\u00f3n\/Zona Roja.<\/p>\n\n\n\n<p>Oaxaca de Ju\u00e1rez, Oax., a 15 de julio de 2023.- Al realizar un recorrido por la Vicefiscal\u00eda Regional de la Costa, con sede en Puerto Escondido, el fiscal General de Oaxaca, Bernardo Rodr\u00edguez Alamilla asegur\u00f3 que la reingenier\u00eda institucional que se lleva a cabo en el organismo implica el robustecimiento de la FGEO en cada regi\u00f3n, para brindar atenci\u00f3n con calidad y calidez a la ciudadan\u00eda.<\/p>\n\n\n\n<p>Ante ello, resalt\u00f3 las labores que realizan las y los trabajadores, lo que adem\u00e1s permite reconocer el contexto espec\u00edfico de la zona y coordinar las labores de procuraci\u00f3n de justicia.<\/p>\n\n\n\n<p>Acompa\u00f1ado por el Vicefiscal Regional de la Costa, Manuel Alejandro Motta Lara, el Fiscal General resalt\u00f3 el trabajo cotidiano realizado por ministerios p\u00fablicos, agentes de investigaci\u00f3n, personal administrativo y dem\u00e1s responsables de \u00e1reas.<\/p>\n\n\n\n<p>Sostuvo que la actual administraci\u00f3n est\u00e1 consciente de los retos que enfrentan quienes laboran en el organismo y parte de los mismos se enmarcan en la reconfiguraci\u00f3n institucional, de ah\u00ed la importancia de las y los servidores p\u00fablicos, de tal forma que escuchar sus necesidades permite dignificar sus condiciones de trabajo.<\/p>\n\n\n\n<p>Asimismo, el Fiscal General Bernardo Rodr\u00edguez Alamilla reiter\u00f3 que el organismo procurador de justicia tiene el compromiso de trabajar para el mejoramiento de los servicios de atenci\u00f3n a las v\u00edctimas, por ello, les encomend\u00f3 trabajar priorizando una perspectiva que privilegie la atenci\u00f3n a las v\u00edctimas, coloc\u00e1ndolas en el centro de la toma de decisiones.<\/p>\n\n\n\n<p>Finalmente, apunt\u00f3 que, en el marco del proceso de fortalecimiento y reingenier\u00eda institucional, uno de los ejes centrales es el acercamiento continuo a las diferentes oficinas regionales para realizar un trabajo humano.<\/p>\n","protected":false},"excerpt":{"rendered":"<p>Redacci\u00f3n\/Zona Roja. Oaxaca de Ju\u00e1rez, Oax., a 15 de julio de 2023.- Al realizar un&hellip;<\/p>\n","protected":false},"author":2,"featured_media":57631,"comment_status":"closed","ping_status":"open","sticky":false,"template":"","format":"standard","meta":{"_lmt_disableupdate":"","_lmt_disable":"","_jetpack_memberships_contains_paid_content":false,"footnotes":""},"categories":[109,46],"tags":[494],"class_list":["post-57630","post","type-post","status-publish","format-standard","has-post-thumbnail","hentry","category-minuto-a-minuto","category-zona-blanca","tag-fiscalia-general-del-estado-de-oaxaca"],"jetpack_featured_media_url":"https:\/\/zonaroja.com.mx\/wp-content\/uploads\/2023\/07\/15-julio-Reingenieria-institucional-de-la-FGEO-implica-robustecer-Vicefiscalias-Regionales.jpeg","jetpack_sharing_enabled":true,"_links":{"self":[{"href":"https:\/\/zonaroja.com.mx\/index.php?rest_route=\/wp\/v2\/posts\/57630","targetHints":{"allow":["GET"]}}],"collection":[{"href":"https:\/\/zonaroja.com.mx\/index.php?rest_route=\/wp\/v2\/posts"}],"about":[{"href":"https:\/\/zonaroja.com.mx\/index.php?rest_route=\/wp\/v2\/types\/post"}],"author":[{"embeddable":true,"href":"https:\/\/zonaroja.com.mx\/index.php?rest_route=\/wp\/v2\/users\/2"}],"replies":[{"embeddable":true,"href":"https:\/\/zonaroja.com.mx\/index.php?rest_route=%2Fwp%2Fv2%2Fcomments&post=57630"}],"version-history":[{"count":1,"href":"https:\/\/zonaroja.com.mx\/index.php?rest_route=\/wp\/v2\/posts\/57630\/revisions"}],"predecessor-version":[{"id":57632,"href":"https:\/\/zonaroja.com.mx\/index.php?rest_route=\/wp\/v2\/posts\/57630\/revisions\/57632"}],"wp:featuredmedia":[{"embeddable":true,"href":"https:\/\/zonaroja.com.mx\/index.php?rest_route=\/wp\/v2\/media\/57631"}],"wp:attachment":[{"href":"https:\/\/zonaroja.com.mx\/index.php?rest_route=%2Fwp%2Fv2%2Fmedia&parent=57630"}],"wp:term":[{"taxonomy":"category","embeddable":true,"href":"https:\/\/zonaroja.com.mx\/index.php?rest_route=%2Fwp%2Fv2%2Fcategories&post=57630"},{"taxonomy":"post_tag","embeddable":true,"href":"https:\/\/zonaroja.com.mx\/index.php?rest_route=%2Fwp%2Fv2%2Ftags&post=57630"}],"curies":[{"name":"wp","href":"https:\/\/api.w.org\/{rel}","templated":true}]}}