{"id":57633,"date":"2023-07-16T12:49:00","date_gmt":"2023-07-16T17:49:00","guid":{"rendered":"http:\/\/www.zonaroja.com.mx\/?p=57633"},"modified":"2023-07-16T08:55:38","modified_gmt":"2023-07-16T13:55:38","slug":"aplica-edil-de-xoxocotlan-dinero-del-pueblo-para-el-pueblo","status":"publish","type":"post","link":"https:\/\/zonaroja.com.mx\/?p=57633","title":{"rendered":"Aplica edil de Xoxocotl\u00e1n dinero del pueblo para el pueblo"},"content":{"rendered":"\n<p>Redacci\u00f3n\/Zona Roja.<\/p>\n\n\n\n<p>Oaxaca de Ju\u00e1rez, Oax., a 16 de julio de 2023.- Tras 25 largos a\u00f1os de espera, finalmente la poblaci\u00f3n de la agencia de polic\u00eda de San Jes\u00fas Nazareno logr\u00f3 la pavimentaci\u00f3n del acceso principal a esta agencia de polic\u00eda, v\u00eda que comunica tambi\u00e9n al Instituto Tecnol\u00f3gico del Valle de Oaxaca (ITVO).<\/p>\n\n\n\n<p>Est\u00e1 acci\u00f3n de mil 552 metros cuadrados, hecha a base de pavimento hidr\u00e1ulico, beneficia a por lo menos a unos dos mil habitantes del lugar y alrededor de 1,400 personas m\u00e1s, que conforman la poblaci\u00f3n estudiantil y acad\u00e9mica que acude al ITVO.<\/p>\n\n\n\n<p>El doctor \u201cChente\u201d Castellanos acudi\u00f3 al lugar para inaugurar esa obra de alto impacto; en el lugar, el mun\u00edcipe fue recibido por la poblaci\u00f3n que no dud\u00f3 en ofrecerle su respaldo y en asegurarle que, es y seguir\u00e1 siendo el mejor presidente que ha tenido Xoxo.<\/p>\n\n\n\n<p>\u00ab\u00a1Nunca te vayas \u2018Chente\u2019! \u00bb le grit\u00f3 don Rosendo Herrera, oriundo de la agencia, quien asever\u00f3 que por primera vez Xoxocotl\u00e1n cuenta con el apoyo real de una autoridad que no solo escucha a su gente, sino que, sin distingo alguno, atiende sus peticiones.<\/p>\n\n\n\n<p>\u00abChente nos ha demostrado que para \u00e9l no hay diferencias, nos ha escuchado, nos ha cumplido, pero adem\u00e1s es la primera vez que tenemos la seguridad de que el dinero se est\u00e1 aplicando de manera transparente, \u00bfpara qu\u00e9 queremos que venga otro?, \u00a1nunca te vayas \u2018Chente\u2019 porque contigo s\u00ed hay cambio de verdad\u201d, le expres\u00f3.<\/p>\n\n\n\n<p>M\u00c1S OBRA<\/p>\n\n\n\n<p>La consigna la respald\u00f3 Rogelio Ib\u00e1\u00f1ez Reyes, agente de polic\u00eda del lugar, quien mostr\u00f3 su entusiasmo porque la carretera al ITVO no ser\u00e1 la \u00fanica en este a\u00f1o.<\/p>\n\n\n\n<p>Y es que, en esta misma ocasi\u00f3n, Inocente Castellanos puso en marcha la pavimentaci\u00f3n con concreto hidr\u00e1ulico de la calle Calicanto, donde ser\u00e1n beneficiadas unas 200 familias.<\/p>\n\n\n\n<p>\u201cAl principio no fue f\u00e1cil porque, aunque el presidente quer\u00eda ayudarnos, no hab\u00eda de donde jalar, hoy, con estas obras, el doctor \u2018Chente\u2019 nos ha demostrado que cuando se tiene vocaci\u00f3n, s\u00ed se puede gobernar de manera honesta y eficiente\u201d, expres\u00f3.<\/p>\n\n\n\n<p>Al referir las tareas desempe\u00f1adas por su administraci\u00f3n en beneficio de Nazareno y el resto de la municipalidad, Castellanos Alejos reafirm\u00f3 su inter\u00e9s por impulsar a Xoxocotl\u00e1n, pero ante todo por demostrar que s\u00ed se puede gobernar de forma transparente.<\/p>\n\n\n\n<p>\u201cSi el dinero es del pueblo, pues que se aplique en su beneficio; s\u00ed la gente nos brinda su confianza para que trabajemos y que mejoren sus condiciones, debemos corresponderles\u201d, advirti\u00f3.<\/p>\n\n\n\n<p>\u201cChente\u201d Castellanos, asegur\u00f3 que, pese a todos los retos, en Xoxo no hay una colonia en la que su gobierno no haya hecho cuando menos una obra y adelant\u00f3, que este a\u00f1o no ser\u00e1 la excepci\u00f3n.<\/p>\n\n\n\n<p>\u201cCon las agencias trabajamos de la mano en las acciones que priorizan, mi gobierno no se conduce a voluntad de una persona, nosotros llegamos a servir y gobernar con el pueblo\u201d, puntualiz\u00f3.<\/p>\n\n\n\n<p>En el recorrido y visita por la Agencia de Polic\u00eda de Jes\u00fas Nazareno, el edil estuvo acompa\u00f1ado del presidente honorario del DIF Municipal, Eric Ortiz Hern\u00e1ndez, concejales, directores y coordinadores de su gobierno.<\/p>\n","protected":false},"excerpt":{"rendered":"<p>Redacci\u00f3n\/Zona Roja. Oaxaca de Ju\u00e1rez, Oax., a 16 de julio de 2023.- Tras 25 largos&hellip;<\/p>\n","protected":false},"author":2,"featured_media":57635,"comment_status":"closed","ping_status":"open","sticky":false,"template":"","format":"standard","meta":{"_lmt_disableupdate":"","_lmt_disable":"","_jetpack_memberships_contains_paid_content":false,"footnotes":""},"categories":[109,46],"tags":[133],"class_list":["post-57633","post","type-post","status-publish","format-standard","has-post-thumbnail","hentry","category-minuto-a-minuto","category-zona-blanca","tag-santa-cruz-xoxocotlan"],"jetpack_featured_media_url":"https:\/\/zonaroja.com.mx\/wp-content\/uploads\/2023\/07\/Inocente-Castellanos-Xoxocotlan.jpg","jetpack_sharing_enabled":true,"_links":{"self":[{"href":"https:\/\/zonaroja.com.mx\/index.php?rest_route=\/wp\/v2\/posts\/57633","targetHints":{"allow":["GET"]}}],"collection":[{"href":"https:\/\/zonaroja.com.mx\/index.php?rest_route=\/wp\/v2\/posts"}],"about":[{"href":"https:\/\/zonaroja.com.mx\/index.php?rest_route=\/wp\/v2\/types\/post"}],"author":[{"embeddable":true,"href":"https:\/\/zonaroja.com.mx\/index.php?rest_route=\/wp\/v2\/users\/2"}],"replies":[{"embeddable":true,"href":"https:\/\/zonaroja.com.mx\/index.php?rest_route=%2Fwp%2Fv2%2Fcomments&post=57633"}],"version-history":[{"count":1,"href":"https:\/\/zonaroja.com.mx\/index.php?rest_route=\/wp\/v2\/posts\/57633\/revisions"}],"predecessor-version":[{"id":57636,"href":"https:\/\/zonaroja.com.mx\/index.php?rest_route=\/wp\/v2\/posts\/57633\/revisions\/57636"}],"wp:featuredmedia":[{"embeddable":true,"href":"https:\/\/zonaroja.com.mx\/index.php?rest_route=\/wp\/v2\/media\/57635"}],"wp:attachment":[{"href":"https:\/\/zonaroja.com.mx\/index.php?rest_route=%2Fwp%2Fv2%2Fmedia&parent=57633"}],"wp:term":[{"taxonomy":"category","embeddable":true,"href":"https:\/\/zonaroja.com.mx\/index.php?rest_route=%2Fwp%2Fv2%2Fcategories&post=57633"},{"taxonomy":"post_tag","embeddable":true,"href":"https:\/\/zonaroja.com.mx\/index.php?rest_route=%2Fwp%2Fv2%2Ftags&post=57633"}],"curies":[{"name":"wp","href":"https:\/\/api.w.org\/{rel}","templated":true}]}}