{"id":57637,"date":"2023-07-16T14:55:00","date_gmt":"2023-07-16T19:55:00","guid":{"rendered":"http:\/\/www.zonaroja.com.mx\/?p=57637"},"modified":"2023-07-16T08:57:57","modified_gmt":"2023-07-16T13:57:57","slug":"corcholatas-realizan-actos-proselitistas-dice-ine-emite-medidas-otra-vez","status":"publish","type":"post","link":"https:\/\/zonaroja.com.mx\/?p=57637","title":{"rendered":"\u201cCorcholatas\u201d realizan actos proselitistas, dice INE; emite medidas&#8230; otra vez"},"content":{"rendered":"\n<p>Redacci\u00f3n\/Zona Roja Cdmx.<\/p>\n\n\n\n<p>Ciudad de M\u00e9xico, a 16 de julio de 2023.- La Comisi\u00f3n de Quejas y Denuncias del Instituto Nacional Electoral (INE) determin\u00f3 este s\u00e1bado que los recorridos y eventos en los que participan los aspirantes presidenciales de Morena s\u00ed son actos proselitistas, por lo cual emiti\u00f3 medidas cautelares.<\/p>\n\n\n\n<p>La Comisi\u00f3n concedi\u00f3 las medidas cautelares contra las llamadas \u201ccorcholatas\u201d de Morena y les orden\u00f3 realizar sus asambleas informativas en lugares cerrados y\/o en espacios pertenecientes al partido, como son sus oficinas estatales y municipales.<\/p>\n\n\n\n<p>La autoridad electoral llam\u00f3 a Claudia Sheinbaum, Ad\u00e1n Augusto L\u00f3pez, Marcelo Ebrard, Manuel Velasco y Gerardo Fern\u00e1ndez Noro\u00f1a, a cumplir con tales reglas para no incurrir en actos anticipados de precampa\u00f1a y campa\u00f1a rumbo al 2024.<\/p>\n\n\n\n<p>La consejera presidenta Claudia Zavala respald\u00f3 las medidas cautelares, pero consider\u00f3 que se deber\u00edan prohibir esos recorridos y asambleas informativas, pues el contenido de los discursos y la actitud de los asistentes, no deja a dudas que se trata de actos proselitistas para posicionar a personas que aspiran a una candidatura presidencial en el 2024.<\/p>\n\n\n\n<p>Zavala P\u00e9rez dijo que, en el \u00e1mbito de sus facultades, la Unidad T\u00e9cnica de lo Contencioso (UTC) Electoral del INE ya hab\u00eda advertido de que estaban incumpliendo con las reglas que se les orden\u00f3, a partir de lo que establece la ley electoral.<\/p>\n\n\n\n<p>Por eso para m\u00ed es contrastante ahora el cambio de criterio de la UTC en este expediente, porque si en el primero la posici\u00f3n de la Unidad fue parar los eventos para proteger la equidad, hoy con mayor evidencia, con un mayor ya constatado desde la Unidad T\u00e9cnica, propone un modelo que en los hechos va a permitir que se sigan generando actos en los que de manera constante se est\u00e9 posicionando a personas que aspiran a una candidatura presidencial para favorecer en este caso al grupo de Morena, el PT y el Verde\u201d, enfatiz\u00f3.<\/p>\n\n\n\n<p>Durante la sesi\u00f3n extraordinaria de car\u00e1cter urgente realizada este s\u00e1bado, la consejera coment\u00f3 que lo \u201cat\u00edpico\u201d es el modelo que trat\u00f3 de dise\u00f1ar el partido pol\u00edtico, \u201cpero en los hechos lo que tenemos son actos proselitistas, no dicho por m\u00ed, dicho y calificado desde el hecho relevante por la propia Unidad T\u00e9cnica\u201d.<\/p>\n\n\n\n<p>Sus pares, Rita Bell L\u00f3pez Vences y Jorge Monta\u00f1o, respaldaron el sentido del proyecto de la Unidad T\u00e9cnica, al precisar que con ello se daba cumplimiento a lo que les solicit\u00f3 la Sala Superior del Tribunal Electoral del Poder Judicial de la Federaci\u00f3n (TEPJF).<\/p>\n\n\n\n<p>\u201cSolo para reiterar que el d\u00eda de hoy este proyecto que nos regresa la Sala Superior, se est\u00e1 atendiendo en los t\u00e9rminos que nos solicitaron; estamos dando cumplimiento a una sentencia y este cumplimiento la Unidad lo plantea bajo lo que tenemos en cuanto a la materia probatoria nos da, igualmente con lo que tenemos en el marco legal\u201d, justific\u00f3.<\/p>\n\n\n\n<p>Monta\u00f1o coment\u00f3 que a la Comisi\u00f3n no le corresponde pronunciarse si se trata de hechos \u201cat\u00edpicos\u201d o \u201cproselitistas\u201d, ya que ello es un asunto que corresponder\u00e1 resolver de fondo al TEPJF.<\/p>\n\n\n\n<p>\u201cNosotros no podemos amonestar o sancionar, vamos a dictar la procedencia o no, precisamente de la medida (cautelar)\u201d, anot\u00f3.<\/p>\n\n\n\n<p>(Informaci\u00f3n de Expansi\u00f3n Pol\u00edtica)<\/p>\n","protected":false},"excerpt":{"rendered":"<p>Redacci\u00f3n\/Zona Roja Cdmx. Ciudad de M\u00e9xico, a 16 de julio de 2023.- La Comisi\u00f3n de&hellip;<\/p>\n","protected":false},"author":2,"featured_media":57638,"comment_status":"closed","ping_status":"open","sticky":false,"template":"","format":"standard","meta":{"_lmt_disableupdate":"","_lmt_disable":"","_jetpack_memberships_contains_paid_content":false,"footnotes":""},"categories":[109,47],"tags":[],"class_list":["post-57637","post","type-post","status-publish","format-standard","has-post-thumbnail","hentry","category-minuto-a-minuto","category-zona-gris"],"jetpack_featured_media_url":"https:\/\/zonaroja.com.mx\/wp-content\/uploads\/2023\/07\/Corcholatas-presidenciales-Morena.webp","jetpack_sharing_enabled":true,"_links":{"self":[{"href":"https:\/\/zonaroja.com.mx\/index.php?rest_route=\/wp\/v2\/posts\/57637","targetHints":{"allow":["GET"]}}],"collection":[{"href":"https:\/\/zonaroja.com.mx\/index.php?rest_route=\/wp\/v2\/posts"}],"about":[{"href":"https:\/\/zonaroja.com.mx\/index.php?rest_route=\/wp\/v2\/types\/post"}],"author":[{"embeddable":true,"href":"https:\/\/zonaroja.com.mx\/index.php?rest_route=\/wp\/v2\/users\/2"}],"replies":[{"embeddable":true,"href":"https:\/\/zonaroja.com.mx\/index.php?rest_route=%2Fwp%2Fv2%2Fcomments&post=57637"}],"version-history":[{"count":1,"href":"https:\/\/zonaroja.com.mx\/index.php?rest_route=\/wp\/v2\/posts\/57637\/revisions"}],"predecessor-version":[{"id":57639,"href":"https:\/\/zonaroja.com.mx\/index.php?rest_route=\/wp\/v2\/posts\/57637\/revisions\/57639"}],"wp:featuredmedia":[{"embeddable":true,"href":"https:\/\/zonaroja.com.mx\/index.php?rest_route=\/wp\/v2\/media\/57638"}],"wp:attachment":[{"href":"https:\/\/zonaroja.com.mx\/index.php?rest_route=%2Fwp%2Fv2%2Fmedia&parent=57637"}],"wp:term":[{"taxonomy":"category","embeddable":true,"href":"https:\/\/zonaroja.com.mx\/index.php?rest_route=%2Fwp%2Fv2%2Fcategories&post=57637"},{"taxonomy":"post_tag","embeddable":true,"href":"https:\/\/zonaroja.com.mx\/index.php?rest_route=%2Fwp%2Fv2%2Ftags&post=57637"}],"curies":[{"name":"wp","href":"https:\/\/api.w.org\/{rel}","templated":true}]}}