{"id":57640,"date":"2023-07-16T09:11:47","date_gmt":"2023-07-16T14:11:47","guid":{"rendered":"http:\/\/www.zonaroja.com.mx\/?p=57640"},"modified":"2023-07-16T09:11:49","modified_gmt":"2023-07-16T14:11:49","slug":"promueve-ayuntamiento-de-cacaotepec-cultura-y-festividades-oaxaquenas","status":"publish","type":"post","link":"https:\/\/zonaroja.com.mx\/?p=57640","title":{"rendered":"Promueve ayuntamiento de Cacaotepec cultura y festividades oaxaque\u00f1as"},"content":{"rendered":"\n<p>Redacci\u00f3n\/Zona Roja.<\/p>\n\n\n\n<p>Oaxaca de Ju\u00e1rez, Oax., a 16 de julio de 2023.- El ayuntamiento de San Lorenzo Cacaotepec anunci\u00f3 el apoyo para los creadores art\u00edsticos y la cultura en el municipio, con el respaldo de instancias estatales y federales.<\/p>\n\n\n\n<p>El pasado jueves, autoridades locales sostuvieron una reuni\u00f3n de trabajo con promotores culturales del municipio, acerca del programa \u201cAgentes Culturales\u201d.<\/p>\n\n\n\n<p>Al reiterar su respaldo a las festividades de la Guelaguetza, que organiza el gobierno del mandatario Salom\u00f3n Jara Cruz, la presidenta municipal, Iris Zavaleta L\u00f3pez, dio a conocer la visita de Nely Beatriz M\u00e9ndez V\u00e1squez, profesionista adscrita a la Direcci\u00f3n de Promoci\u00f3n, Formaci\u00f3n y Desarrollo de la Secretar\u00eda de Cultura del Gobierno de M\u00e9xico.<\/p>\n\n\n\n<p>Lo anterior con el objetivo de realizar jornadas de registro para reconocer a los \u201cAgentes Culturales\u00bb que hay en la poblaci\u00f3n, encuentro en el que estuvieron tambi\u00e9n los regidores de Educaci\u00f3n, Cultura y Deportes, \u00c1ngel Quevedo y Francisco M\u00e1rquez.<\/p>\n\n\n\n<p>Asimismo, Marcelina Lorenza Taboada V\u00e1squez, cocinera tradicional; Dayli Margot Cruz Hern\u00e1ndez, directora de la Banda de Alientos Infantil y Juvenil de San Lorenzo Cacaotepec; Luis Fernando Ram\u00edrez Garc\u00eda y Emilio S\u00e1nchez, artistas pl\u00e1sticos, as\u00ed como Elizabeth S\u00e1nchez Taboada, promotora cultural, el artesano Marcelo M\u00e9ndez Garc\u00eda y el muralista Rudi N\u00e9stor M\u00e9ndez M\u00e9ndez.<\/p>\n\n\n\n<p>Est\u00e1s jornadas de registro forman parte del proyecto \u00abTelar\u00bb Registro Nacional de Espacios, Pr\u00e1cticas y Agentes Culturales, una plataforma digital que sirve para visibilizar y reconocer la diversidad cultural de M\u00e9xico, mediante el registro de personas, organizaciones, espacios e instituciones que realizan labores culturales y art\u00edsticas.<\/p>\n\n\n\n<p>Los objetivos de dicho proyecto son:&nbsp;<\/p>\n\n\n\n<p>Suministrar a la Secretar\u00eda de Cultura informaci\u00f3n que coadyuve en el dise\u00f1o de pol\u00edticas y acciones culturales.<\/p>\n\n\n\n<p>Promover el desarrollo de los servicios culturales con base en la integraci\u00f3n de las tecnolog\u00edas de la informaci\u00f3n y las comunicaciones.<\/p>\n\n\n\n<p>Favorecer la vinculaci\u00f3n, el di\u00e1logo y el intercambio entre agentes culturales, as\u00ed como fortalecer las redes de colaboraci\u00f3n entre ellos.<\/p>\n\n\n\n<p>La presidenta municipal retir\u00f3 su respaldo a todas las expresiones art\u00edsticas y culturales de Cacaotepec, as\u00ed como a sus creadores, adem\u00e1s de su inter\u00e9s por seguir buscando m\u00e1s apoyos hacia ellos.<\/p>\n","protected":false},"excerpt":{"rendered":"<p>Redacci\u00f3n\/Zona Roja. Oaxaca de Ju\u00e1rez, Oax., a 16 de julio de 2023.- El ayuntamiento de&hellip;<\/p>\n","protected":false},"author":2,"featured_media":57641,"comment_status":"closed","ping_status":"open","sticky":false,"template":"","format":"standard","meta":{"_lmt_disableupdate":"","_lmt_disable":"","_jetpack_memberships_contains_paid_content":false,"footnotes":""},"categories":[109,46],"tags":[846],"class_list":["post-57640","post","type-post","status-publish","format-standard","has-post-thumbnail","hentry","category-minuto-a-minuto","category-zona-blanca","tag-san-lorenzo-cacaotepec"],"jetpack_featured_media_url":"https:\/\/zonaroja.com.mx\/wp-content\/uploads\/2023\/07\/San-Lorenzo-Cacaotepec.jpg","jetpack_sharing_enabled":true,"_links":{"self":[{"href":"https:\/\/zonaroja.com.mx\/index.php?rest_route=\/wp\/v2\/posts\/57640","targetHints":{"allow":["GET"]}}],"collection":[{"href":"https:\/\/zonaroja.com.mx\/index.php?rest_route=\/wp\/v2\/posts"}],"about":[{"href":"https:\/\/zonaroja.com.mx\/index.php?rest_route=\/wp\/v2\/types\/post"}],"author":[{"embeddable":true,"href":"https:\/\/zonaroja.com.mx\/index.php?rest_route=\/wp\/v2\/users\/2"}],"replies":[{"embeddable":true,"href":"https:\/\/zonaroja.com.mx\/index.php?rest_route=%2Fwp%2Fv2%2Fcomments&post=57640"}],"version-history":[{"count":1,"href":"https:\/\/zonaroja.com.mx\/index.php?rest_route=\/wp\/v2\/posts\/57640\/revisions"}],"predecessor-version":[{"id":57642,"href":"https:\/\/zonaroja.com.mx\/index.php?rest_route=\/wp\/v2\/posts\/57640\/revisions\/57642"}],"wp:featuredmedia":[{"embeddable":true,"href":"https:\/\/zonaroja.com.mx\/index.php?rest_route=\/wp\/v2\/media\/57641"}],"wp:attachment":[{"href":"https:\/\/zonaroja.com.mx\/index.php?rest_route=%2Fwp%2Fv2%2Fmedia&parent=57640"}],"wp:term":[{"taxonomy":"category","embeddable":true,"href":"https:\/\/zonaroja.com.mx\/index.php?rest_route=%2Fwp%2Fv2%2Fcategories&post=57640"},{"taxonomy":"post_tag","embeddable":true,"href":"https:\/\/zonaroja.com.mx\/index.php?rest_route=%2Fwp%2Fv2%2Ftags&post=57640"}],"curies":[{"name":"wp","href":"https:\/\/api.w.org\/{rel}","templated":true}]}}