{"id":57645,"date":"2023-07-16T18:50:30","date_gmt":"2023-07-16T23:50:30","guid":{"rendered":"http:\/\/www.zonaroja.com.mx\/?p=57645"},"modified":"2023-07-16T18:54:38","modified_gmt":"2023-07-16T23:54:38","slug":"oaxaca-es-mas-grande-que-sus-pandemias-martin-vasquez-2","status":"publish","type":"post","link":"https:\/\/zonaroja.com.mx\/?p=57645","title":{"rendered":"Oaxaca es m\u00e1s grande que sus pandemias: Mart\u00edn V\u00e1squez"},"content":{"rendered":"\n<p>Yuridiana Sosa\/Zona Roja.<\/p>\n\n\n\n<p>Oaxaca de Ju\u00e1rez, Oax., a 16 de julio de 2023. \u201cLa pandemia de Covid-19 en Oaxaca, apuntes semanales\u201d, libro que present\u00f3 el doctor Mart\u00edn V\u00e1squez Villanueva, es un compendio de reflexiones sobre uno de los mayores desaf\u00edos que enfrentaron Oaxaca, M\u00e9xico y la humanidad entera, los a\u00f1os 2020, 2021 y parte del 2022: la vida, la libertad de tr\u00e1nsito, la econom\u00eda y la actividad cotidiana de todas y todos estuvo a prueba y salimos adelante.<\/p>\n\n\n\n<p>El recuento del dolor, el temor, la incertidumbre y el agobio compartido, pero tambi\u00e9n la s\u00edntesis de la solidaridad, la fraternidad y el hero\u00edsmo de los mexicanos, y especialmente los oaxaque\u00f1os, est\u00e1 analizado puntualmente por un profesional de la medicina y una persona comprometida con las causas sociales y las necesidades sanitarias de Oaxaca desde hace d\u00e9cadas.<\/p>\n\n\n\n<p>Mart\u00edn V\u00e1squez ya hab\u00eda enfrentado el desaf\u00edo de la influenza AH1N1, en el a\u00f1o 2009, cuando Oaxaca fue el epicentro y el lugar de gestaci\u00f3n, desde un espacio institucional determinante, la Secretar\u00eda de Salud del gobierno de Oaxaca, cuando la respuesta fue inmediata y eficaz, evitando su propagaci\u00f3n exponencial en el resto del territorio nacional y m\u00e1s all\u00e1 de nuestras fronteras, cuando ahora desafortunadamente no pudo evitarse.<\/p>\n\n\n\n<p>Ahora le toc\u00f3 enfrentar el reto del Covid-19 como m\u00e9dico y como ciudadano. <\/p>\n\n\n\n<p>En el libro que present\u00f3 el pasado viernes est\u00e1 retratado el esfuerzo may\u00fasculo del pueblo oaxaque\u00f1o, y los tres \u00f3rdenes de gobierno, para enfrentar al mayor flagelo sanitario del siglo XXI. <\/p>\n\n\n\n<p>La sensibilidad y la responsabilidad de todos, o cuando menos la de la inmensa mayor\u00eda, para resguardarnos en los hogares, para frenar el ritmo de la movilidad en las calles, para sacrificar las tareas educativas y econ\u00f3micas, e incluso para sacrificar nuestras entra\u00f1ables fiestas c\u00edvicas, culturales, religiosas y tradicionales.<\/p>\n\n\n\n<p>Ya antes Oaxaca enfrent\u00f3 los desaf\u00edos de las pandemias importadas y derivadas del encuentro de los dos mundos, en los siglos XVI y XVII y que diezmaron a nuestros vulnerables antecesores, en condiciones m\u00e1s que adversas.<\/p>\n\n\n\n<p>Estas y otras reflexiones son las que contienen los ensayos recopilados en este texto, una descripci\u00f3n del enorme costo en vidas humanas y en oportunidades perdidas, pero sobre todo son un reconocimiento al valor, la magnanimidad y la entereza del pueblo oaxaque\u00f1o, desde la capital del estado hasta sus m\u00e1s rec\u00f3nditas regiones, en aquella hora dif\u00edcil.<\/p>\n\n\n\n<p>S\u00ed, mucho dolor acumulado, muchas p\u00e9rdidas irrecuperables, muchos hogares enlutados, pero tiene raz\u00f3n el Dr. Mart\u00edn V\u00e1squez Villanueva: Oaxaca nuevamente sali\u00f3 avante, Oaxaca tiene futuro, Oaxaca es m\u00e1s grande que sus pandemias.<\/p>\n\n\n\n<p>Desde la biblioteca \u201cFrancisco Fray Francisco de Burgos\u201d, ante una sala llena, el pol\u00edtico indic\u00f3 que la experiencia del Covid-19 fue una lecci\u00f3n para que la humanidad pueda enfrentar con mejores herramientas otras pandemias que podr\u00edan llegar.<\/p>\n\n\n\n<p>ANALIZAN ESPECIALISTAS <\/p>\n\n\n\n<p>En la presentaci\u00f3n del libro de V\u00e1squez Villanueva acompa\u00f1aron el historiador Carlos Tello, el periodista Juan P\u00e9rez Audelo y el m\u00e9dico especialista Juan Carlos D\u00e1vila.<br>Tello D\u00edaz puntualiz\u00f3 sobre la importancia de la cooperaci\u00f3n de Mart\u00edn V\u00e1squez, de manera semanal, por medio de sus columnas para sobrellevar y hacer conciencia de lo que viv\u00edamos en pandemia.<\/p>\n\n\n\n<p>Su experiencia frente a la crisis sanitaria de la Influenza en 2010 ayud\u00f3 en mucho a que el doctor llevara de la mano a la poblaci\u00f3n sobre este nuevo reto en el mundo, en M\u00e9xico y Oaxaca; escritos que adem\u00e1s llevaban no solo datos, con profesionalismos, tambi\u00e9n humanidad, en la que describi\u00f3 la importancia del apoyo familiar y los grandes retos sociales y personales que ello trajo.<\/p>\n\n\n\n<p>En su participaci\u00f3n, el periodista Juan P\u00e9rez Audelo, de \u201cEl Imparcial\u201d y Press Oaxaca, se\u00f1al\u00f3 que la pandemia dej\u00f3 una marca imborrable en la sociedad, en la que sin duda la parte m\u00e1s dif\u00edcil fue la p\u00e9rdida de seres queridos a los que se les despidi\u00f3 de forma fr\u00eda.<\/p>\n\n\n\n<p>En Oaxaca la despedida de un ser querido estuvo tan alejada de cualquier forma que las tradiciones lo marcan, al tiempo que esta pandemia sembr\u00f3 un temor a los contagios que a\u00fan cuando la alerta sanitaria se ha levantado muchos ciudadanos a\u00fan se resisten a dejar el cubrebocas.<\/p>\n\n\n\n<p>El periodista record\u00f3 que Mart\u00edn V\u00e1squez siempre dej\u00f3 en claro en sus publicaciones que solo con una actitud responsable se puede enfrentar a cualquier riesgo sanitario.<br>La pandemia de Covid-19, dijo, fue una dura lecci\u00f3n por la que V\u00e1squez Villanueva nos lleva paso a paso para no olvidar y aprender es este etapa en nuestras vidas.<\/p>\n\n\n\n<p>El aporte social del libro \u201cLa Pandemia del Covid119 en Oaxaca\u201d tambi\u00e9n fue reconocido por el m\u00e9dico especialista Juan Carlos D\u00e1vila, quien describi\u00f3 a la pandemia como un escenario catastr\u00f3fico, en el que la colaboraci\u00f3n de Mart\u00edn V\u00e1squez desde la direcci\u00f3n de la Corporaci\u00f3n Oaxaque\u00f1a de Radio y Televisi\u00f3n (CORTV) fue un gran aliado para tratar de comprender y hacer conciencia de lo que se viv\u00eda.<\/p>\n\n\n\n<p>El doctor puntualiz\u00f3 que cuando apenas se hab\u00eda declarado la pandemia en M\u00e9xico, V\u00e1squez Villanueva le llam\u00f3 para iniciar un proyecto diario en el que se diera informaci\u00f3n ver\u00e1s y oportuna a la poblaci\u00f3n para sobrellevar la crisis.<\/p>\n\n\n\n<p>Ese ejercicio, que se desarroll\u00f3 hasta el final de la pandemia, fue una gran herencia del ex funcionario estatal, pues la ciudadan\u00eda no se sinti\u00f3 sola y siempre se mantuvo informada. <\/p>\n\n\n\n<figure class=\"wp-block-embed\"><div class=\"wp-block-embed__wrapper\">\n<div class=\"twitter-tweet\"><blockquote class=\"twitter-tweet\" data-lang=\"es\"><p lang=\"es\" dir=\"ltr\">4. Y esta fue la participaci\u00f3n del doctor <a href=\"https:\/\/twitter.com\/martinvasquezv?ref_src=twsrc%5Etfw\">@martinvasquezv<\/a>, en la presentaci\u00f3n de su libro, que re\u00fane art\u00edculos sobre el Covid-19, que ha escrito para el diario <a href=\"https:\/\/twitter.com\/nvinoticiasoax?ref_src=twsrc%5Etfw\">@nvinoticiasoax<\/a>.<br>La biblioteca Fray Francisco de Burgoa registr\u00f3 un lleno total. <a href=\"https:\/\/t.co\/qU5TCtQCLA\">pic.twitter.com\/qU5TCtQCLA<\/a><\/p>&mdash; Zona Roja Oaxaca (@ZonaRoja_Oaxaca) <a href=\"https:\/\/twitter.com\/ZonaRoja_Oaxaca\/status\/1680083051718537216?ref_src=twsrc%5Etfw\">15 de julio de 2023<\/a><\/blockquote><\/div>\n<\/div><\/figure>\n","protected":false},"excerpt":{"rendered":"<p>Yuridiana Sosa\/Zona Roja. Oaxaca de Ju\u00e1rez, Oax., a 16 de julio de 2023. \u201cLa pandemia&hellip;<\/p>\n","protected":false},"author":2,"featured_media":57634,"comment_status":"closed","ping_status":"open","sticky":false,"template":"","format":"standard","meta":{"_lmt_disableupdate":"","_lmt_disable":"","_jetpack_memberships_contains_paid_content":false,"footnotes":""},"categories":[109,46],"tags":[],"class_list":["post-57645","post","type-post","status-publish","format-standard","has-post-thumbnail","hentry","category-minuto-a-minuto","category-zona-blanca"],"jetpack_featured_media_url":"https:\/\/zonaroja.com.mx\/wp-content\/uploads\/2023\/07\/Martin-Vasquez-Villanueva-libro-Covid.jpg","jetpack_sharing_enabled":true,"_links":{"self":[{"href":"https:\/\/zonaroja.com.mx\/index.php?rest_route=\/wp\/v2\/posts\/57645","targetHints":{"allow":["GET"]}}],"collection":[{"href":"https:\/\/zonaroja.com.mx\/index.php?rest_route=\/wp\/v2\/posts"}],"about":[{"href":"https:\/\/zonaroja.com.mx\/index.php?rest_route=\/wp\/v2\/types\/post"}],"author":[{"embeddable":true,"href":"https:\/\/zonaroja.com.mx\/index.php?rest_route=\/wp\/v2\/users\/2"}],"replies":[{"embeddable":true,"href":"https:\/\/zonaroja.com.mx\/index.php?rest_route=%2Fwp%2Fv2%2Fcomments&post=57645"}],"version-history":[{"count":1,"href":"https:\/\/zonaroja.com.mx\/index.php?rest_route=\/wp\/v2\/posts\/57645\/revisions"}],"predecessor-version":[{"id":57646,"href":"https:\/\/zonaroja.com.mx\/index.php?rest_route=\/wp\/v2\/posts\/57645\/revisions\/57646"}],"wp:featuredmedia":[{"embeddable":true,"href":"https:\/\/zonaroja.com.mx\/index.php?rest_route=\/wp\/v2\/media\/57634"}],"wp:attachment":[{"href":"https:\/\/zonaroja.com.mx\/index.php?rest_route=%2Fwp%2Fv2%2Fmedia&parent=57645"}],"wp:term":[{"taxonomy":"category","embeddable":true,"href":"https:\/\/zonaroja.com.mx\/index.php?rest_route=%2Fwp%2Fv2%2Fcategories&post=57645"},{"taxonomy":"post_tag","embeddable":true,"href":"https:\/\/zonaroja.com.mx\/index.php?rest_route=%2Fwp%2Fv2%2Ftags&post=57645"}],"curies":[{"name":"wp","href":"https:\/\/api.w.org\/{rel}","templated":true}]}}