{"id":57649,"date":"2023-07-16T21:00:00","date_gmt":"2023-07-17T02:00:00","guid":{"rendered":"http:\/\/www.zonaroja.com.mx\/?p=57649"},"modified":"2023-07-16T19:42:26","modified_gmt":"2023-07-17T00:42:26","slug":"con-respaldo-de-martinez-neri-se-imponen-ambulantes-y-abarrotan-las-calles","status":"publish","type":"post","link":"https:\/\/zonaroja.com.mx\/?p=57649","title":{"rendered":"Con respaldo de Mart\u00ednez Neri, se imponen ambulantes y abarrotan las calles"},"content":{"rendered":"\n<p>Yuridiana Sosa\/Zona Roja.<\/p>\n\n\n\n<p>Oaxaca de Ju\u00e1rez, Oax., a 16 de junio de 2023.- Plazas, parques y calles de la ciudad de Oaxaca se convirtieron en tianguis y ferias, para la celebraci\u00f3n de la Guelaguetza y la Virgen del Carmen Alto, por encima del n\u00famero de permisos provisionales otorgados por el Cabildo.<\/p>\n\n\n\n<p>Los vendedores informales de diversos grupos, ligados al PRI, se impusieron a la autoridad y abarrotaron la v\u00eda p\u00fablica en diversas calles del Centro Hist\u00f3rico, donde adem\u00e1s los vecinos y comerciantes establecidos mantienen su resistencia por este tipo de ocupaciones por da\u00f1ar la infraestructura del Patrimonio Mundial.<\/p>\n\n\n\n<p>Entre las principales violaciones que se registraron en la invasi\u00f3n de la v\u00eda p\u00fablica ocurri\u00f3 por parte de los ferieros, que a\u00fan sin contar con permiso se instalaron en el Jard\u00edn Morelos, y pese a operativo para tratar de retirarlos, los operadores de los juegos mec\u00e1nicos se resistieron y echaron a andar la feria.<\/p>\n\n\n\n<p>Son al menos unos 300 puestos temporales, entre el 14 y 31 de julio, que en total aprob\u00f3 el Cabildo de Oaxaca de Ju\u00e1rez, sin embargo, la cantidad de puestos que invaden el Centro Hist\u00f3rico de la capital es visiblemente mayor.<\/p>\n\n\n\n<figure class=\"wp-block-embed is-type-rich is-provider-twitter wp-block-embed-twitter\"><div class=\"wp-block-embed__wrapper\">\n<div class=\"twitter-tweet\"><blockquote class=\"twitter-tweet\" data-lang=\"es\"><p lang=\"es\" dir=\"ltr\">Excesivo ambulantaje en el Centro Hist\u00f3rico de la ciudad de Oaxaca, bajo la anuencia del Cabildo del <a href=\"https:\/\/twitter.com\/MunicipioOaxaca?ref_src=twsrc%5Etfw\">@MunicipioOaxaca<\/a> que preside <a href=\"https:\/\/twitter.com\/FMartinezNeri?ref_src=twsrc%5Etfw\">@FMartinezNeri<\/a>, puestos aprobados de \u00faltima hora y a puerta cerrada el pasado jueves.<br>-Por fiesta del Carmen Alto, saturado y abarca media cuadra\u2026 <a href=\"https:\/\/t.co\/bZQZgNxj2W\">pic.twitter.com\/bZQZgNxj2W<\/a><\/p>&mdash; Zona Roja Oaxaca (@ZonaRoja_Oaxaca) <a href=\"https:\/\/twitter.com\/ZonaRoja_Oaxaca\/status\/1680701944531132422?ref_src=twsrc%5Etfw\">16 de julio de 2023<\/a><\/blockquote><\/div>\n<\/div><\/figure>\n\n\n\n<p>La saturaci\u00f3n de puestos algunos espacios hacen casi intransitable las plazas, como ocurre en la del Carmen Alto, abarca abarca media cuadra antes sobre la calle de Garc\u00eda Vigil. Incluso algunos juegos mec\u00e1nicos que no se autorizaron, se ubicaron en la plazuela contigua, ya de por s\u00ed da\u00f1ada.&nbsp;<\/p>\n\n\n\n<p>El pasado 6 de julio el Cabildo no aprob\u00f3 el dictamen referente a la autorizaci\u00f3n de 47 permisos temporales de con motivo de la festividad del Carmen Alto, con giros de antojitos, aguas frescas, dulces regionales, bu\u00f1uelos, del 14 al 18 de julio en calle de Manuel Garc\u00eda Vigil. Pero s\u00ed lo hizo, al analizar de nuevo el dictamen, el pasado jueves, en sesi\u00f3n cerrada al p\u00fablico, tras la agresi\u00f3n de ambulantes a vecinos y comerciantes formales aleda\u00f1os al jard\u00edn \u201cEl Pa\u00f1uelo\u201d.<\/p>\n\n\n\n<p>La invasi\u00f3n de la v\u00eda p\u00fablica es total, como se aprecia en la calle de Macedonio Alcal\u00e1 y parte del Centro Cultural Santo Domingo.&nbsp;<\/p>\n\n\n\n<p>Zona de por s\u00ed invadida por otros puestos que pertenecen a organizaciones como la Uni\u00f3n de Artesanos y Comerciantes de Lucha y Sol Rojo, as\u00ed como otros puestos aprovecharon el momento para \u201ccolarse\u201d y tomar un pedazo en la calle.<\/p>\n\n\n\n<p>Sobre el comercio ambulante no hay poder ni autoridad municipal que controle su instalaci\u00f3n en fechas relacionadas a festividades religiosas y por Guelaguetza.&nbsp;<\/p>\n","protected":false},"excerpt":{"rendered":"<p>Yuridiana Sosa\/Zona Roja. Oaxaca de Ju\u00e1rez, Oax., a 16 de junio de 2023.- Plazas, parques&hellip;<\/p>\n","protected":false},"author":2,"featured_media":57647,"comment_status":"closed","ping_status":"open","sticky":false,"template":"","format":"standard","meta":{"_lmt_disableupdate":"","_lmt_disable":"","_jetpack_memberships_contains_paid_content":false,"footnotes":""},"categories":[109,47],"tags":[148],"class_list":["post-57649","post","type-post","status-publish","format-standard","has-post-thumbnail","hentry","category-minuto-a-minuto","category-zona-gris","tag-oaxaca-de-juarez"],"jetpack_featured_media_url":"https:\/\/zonaroja.com.mx\/wp-content\/uploads\/2023\/07\/Ambulantes-Carmen-Alto-ciudad-de-Oaxaca.jpg","jetpack_sharing_enabled":true,"_links":{"self":[{"href":"https:\/\/zonaroja.com.mx\/index.php?rest_route=\/wp\/v2\/posts\/57649","targetHints":{"allow":["GET"]}}],"collection":[{"href":"https:\/\/zonaroja.com.mx\/index.php?rest_route=\/wp\/v2\/posts"}],"about":[{"href":"https:\/\/zonaroja.com.mx\/index.php?rest_route=\/wp\/v2\/types\/post"}],"author":[{"embeddable":true,"href":"https:\/\/zonaroja.com.mx\/index.php?rest_route=\/wp\/v2\/users\/2"}],"replies":[{"embeddable":true,"href":"https:\/\/zonaroja.com.mx\/index.php?rest_route=%2Fwp%2Fv2%2Fcomments&post=57649"}],"version-history":[{"count":1,"href":"https:\/\/zonaroja.com.mx\/index.php?rest_route=\/wp\/v2\/posts\/57649\/revisions"}],"predecessor-version":[{"id":57650,"href":"https:\/\/zonaroja.com.mx\/index.php?rest_route=\/wp\/v2\/posts\/57649\/revisions\/57650"}],"wp:featuredmedia":[{"embeddable":true,"href":"https:\/\/zonaroja.com.mx\/index.php?rest_route=\/wp\/v2\/media\/57647"}],"wp:attachment":[{"href":"https:\/\/zonaroja.com.mx\/index.php?rest_route=%2Fwp%2Fv2%2Fmedia&parent=57649"}],"wp:term":[{"taxonomy":"category","embeddable":true,"href":"https:\/\/zonaroja.com.mx\/index.php?rest_route=%2Fwp%2Fv2%2Fcategories&post=57649"},{"taxonomy":"post_tag","embeddable":true,"href":"https:\/\/zonaroja.com.mx\/index.php?rest_route=%2Fwp%2Fv2%2Ftags&post=57649"}],"curies":[{"name":"wp","href":"https:\/\/api.w.org\/{rel}","templated":true}]}}