{"id":57657,"date":"2023-07-17T08:02:21","date_gmt":"2023-07-17T13:02:21","guid":{"rendered":"http:\/\/www.zonaroja.com.mx\/?p=57657"},"modified":"2023-07-17T08:02:24","modified_gmt":"2023-07-17T13:02:24","slug":"opinion-crisis-sin-fin-e-indolencia-sello-de-martinez-neri","status":"publish","type":"post","link":"https:\/\/zonaroja.com.mx\/?p=57657","title":{"rendered":"Opini\u00f3n. Crisis sin fin e indolencia, sello de Mart\u00ednez Neri"},"content":{"rendered":"\n<p>Ismael Garc\u00eda M.\/Zona Roja.<\/p>\n\n\n\n<p>Oaxaca de Ju\u00e1rez, Oax., a 17 de julio de 2023.- Cuando se pensaba que no podr\u00eda haber m\u00e1s crisis que las ya existentes en el municipio de Oaxaca de Ju\u00e1rez, vino lo peor.<\/p>\n\n\n\n<p>El pasado jueves 13 de julio, un centenar de comerciantes ambulantes priistas, llevados ex profeso por autoridades municipales y liderados por Yolanda Ortega, Carmela Luj\u00e1n y Estela Mendoza, agredieron a golpes, en pleno sal\u00f3n de Cabildo, a un grupo de 10 vecinos del Centro Hist\u00f3rico, inconformes por la instalaci\u00f3n de puestos por la temporada de Guelaguetza.<\/p>\n\n\n\n<p>Pero a\u00fan m\u00e1s, fue que ninguna integrante del cuerpo de concejales \u2014ni siquiera uno de los azuzadores del grupo violento, Ismael Cruz Gayt\u00e1n\u2014 puso orden; mucho menos actu\u00f3 la polic\u00eda municipal, que semana a semana resguarda dicho recinto del palacio municipal.<\/p>\n\n\n\n<p>Y todav\u00eda, en el colmo, tras el ataque, con saldo de al menos cinco lesionados, los integrantes del Cabildo, encabezados por Francisco Mart\u00ednez Neri, regresaron para sesionar y aprobar m\u00e1s puestos ambulantes para la temporada festiva, a fin de complacer a las lideresas priistas.<\/p>\n\n\n\n<p>DE CABEZA<\/p>\n\n\n\n<p>Hace pocas semanas detallamos en este espacio de \u201cZona Cr\u00edtica\u201d las crisis y omisiones del gobierno de Mart\u00ednez Neri, emanado de Morena, pero que ahora enfrenta una serie de divisiones, adem\u00e1s de fracasos por doquier.<\/p>\n\n\n\n<p>Aunado a la crisis de la basura, con gastos exhorbitantes superiores a los 150 millones de pesos s\u00f3lo en traslados, enfrenta diversas acusaciones de corrupci\u00f3n, entre ellas el robo de m\u00e1s de 800 unidades de motor en un encierro municipal, de cuyo caso hasta ahora s\u00f3lo hay dos personas detenidas, de menor rango de mando.<\/p>\n\n\n\n<p>Est\u00e1 tambi\u00e9n la abierta protecci\u00f3n a Oswaldo Garc\u00eda Jarqu\u00edn \u2014quien revivi\u00f3 v\u00eda redes sociales listo para confrontar cualquier acusaci\u00f3n, porque se siente impune, y hasta reta a golpes a sus cr\u00edticos\u2014, quien dej\u00f3 casi una deuda cercana a los 400 millones de pesos.<\/p>\n\n\n\n<p>A m\u00e1s de un a\u00f1o y medio, no hay ninguna denuncia penal en contra del morenista antecesor de Francisco Mart\u00ednez Neri y mucho menos avanzan las investigaciones en la Contralor\u00eda municipal.<\/p>\n\n\n\n<p>Pero eso s\u00ed, el actual presidente ha procurado ir pagando esos empr\u00e9stitos, con tal de que al final, pueda salir a la luz p\u00fablica que s\u00ed hab\u00eda desfalcos pero ya fueron cubiertos, por lo tanto no hay delito.<\/p>\n\n\n\n<p>Y qu\u00e9 decir de la crisis tambi\u00e9n del ambulantaje, cuyo reordenamiento inici\u00f3 Oswaldo Garc\u00eda Jarqu\u00edn, pero tras ello, nada m\u00e1s no hay ning\u00fan avance, m\u00e1s que mantener cerradas con vallas algunas calles.<\/p>\n\n\n\n<p>De nada sirvi\u00f3 retirar a los vendedores informales, muchos de ellos chiapanecos, del Andador Tur\u00edstico, el z\u00f3calo, la Alameda y otras calles, pues todos los d\u00edas deambulan vendiendo mercanc\u00eda.<\/p>\n\n\n\n<p>De nada ha servido el retiro de puestos pues siguen colocados muchos de ellos ahora en la calle Garc\u00eda Vigil, otrora limpia; en la esquina de Matamoros y Alcal\u00e1; en 5 de Mayo y Murgu\u00eda; en la calle de Aldama; en 20 de Noviembre, desde Las Casas hasta Independencia\u2026<\/p>\n\n\n\n<p>De nada sirvi\u00f3 limpiar el z\u00f3calo y el corredor del Palacio de Gobierno, si los puestos fueron a aventarlos en la calle de Gurri\u00f3n y en la calle de Antonia Labastida, donde ya tienen casi ocho meses\u2026 y ah\u00ed se quedar\u00e1n por siempre, como ocurri\u00f3 con los triquis en la calle Antonio de Le\u00f3n, frente a la Alameda.<\/p>\n\n\n\n<p>\u00bfDe la seguridad? Es uno de los peores trienios en materia de violencia, feminicidios, asaltos y agresiones armadas.<\/p>\n\n\n\n<p>\u201cFUEGO AMIGO\u201d<\/p>\n\n\n\n<p>El enemigo de Francisco Mart\u00ednez Neri es Francisco Mart\u00ednez Neri, por las p\u00e9simas decisiones que ha tomado en su trienio ya en fase final.<\/p>\n\n\n\n<p>Y el enemigo lo tiene tambi\u00e9n en casa, con Felipe Canseco Ruiz, quien ha pactado con los priistas para dar \u201crespaldo\u201d al presidente municipal morenista, supuestamente para salvarlo de las cr\u00edticas y protestas sociales.<\/p>\n\n\n\n<p>Craso error, pues ha generado encono y violencia con las llamadas \u201cp\u00e1jaras\u201d que est\u00e1n acostumbradas a la violencia y a imponer su voluntad en las calles de Oaxaca capital.<\/p>\n\n\n\n<p>Ha pactado tambi\u00e9n con el regidor Ismael Cruz Gayt\u00e1n para hacer y deshacer con los vendedores ambulantes y mantener el jugoso negocio de la venta de espacios, sin recibo oficial de por medio.<\/p>\n\n\n\n<p>No ata ni desata, pues semana a semana hay protestas sociales o de comerciantes o de sindicalizados.<\/p>\n\n\n\n<p>Nancy Mota, la s\u00edndica morenista, ha tomado tambi\u00e9n su propio rumbo y azuza la divisi\u00f3n en el interior del Cabildo; est\u00e1 decidida a que No\u00e9 Jara Cruz llegue al relevo de Mart\u00ednez Neri y hace hasta lo imposible porque as\u00ed sea.<\/p>\n\n\n\n<p>Y es que las ambiciones pol\u00edticas son otra piedra en el zapato del gobierno municipal, pues un grupo ha decidido apoyar las aspiraciones de Claudia Sheinbaum y otro m\u00e1s se decant\u00f3 por Marcelo Ebrard; el edil Mart\u00ednez Neri ha optado por guardar distancia con alguno de los aspirantes a la candidatura presidencia.<\/p>\n\n\n\n<p>Pero esa distancia tiene, indudablemente, una lectura pol\u00edtica contraria a los anhelos pol\u00edticos del a\u00fan edil, pues la mayor\u00eda de los morenistas lo toman como un menosprecio al movimiento.<\/p>\n\n\n\n<p>Por lo pronto, a Mart\u00ednez Neri le queda menos de a\u00f1o y medio de gobierno y no parece interesado en repetir el cargo, tras esta experiencia gris como presidente municipal.<\/p>\n\n\n\n<p>Tampoco ha buscado dejar sucesor o sucesora, mientras los militantes de su partido se desgarran las vestiduras y hacen todo lo violatorio a las leyes electorales con tal de figurar.<\/p>\n\n\n\n<p>Por lo pronto, el jefe de los morenos en Oaxaca y actual due\u00f1o de todas las canicas, Salom\u00f3n Jara, no tiene en sus planes la reelecci\u00f3n de Mart\u00ednez Neri, como pago a su inclinaci\u00f3n, en la contienda electoral, a favor de Susana Harp Iturribarr\u00eda.<\/p>\n\n\n\n<p>Y con ello, la muerte pol\u00edtica de Francisco Mart\u00ednez Neri, quien terminar\u00e1 su trienio peor que su antecesor morenista Oswaldo Garc\u00eda Jarqu\u00edn.<\/p>\n","protected":false},"excerpt":{"rendered":"<p>Ismael Garc\u00eda M.\/Zona Roja. Oaxaca de Ju\u00e1rez, Oax., a 17 de julio de 2023.- Cuando&hellip;<\/p>\n","protected":false},"author":2,"featured_media":41735,"comment_status":"closed","ping_status":"open","sticky":false,"template":"","format":"standard","meta":{"_lmt_disableupdate":"","_lmt_disable":"","_jetpack_memberships_contains_paid_content":false,"footnotes":""},"categories":[456,109,48],"tags":[1353],"class_list":["post-57657","post","type-post","status-publish","format-standard","has-post-thumbnail","hentry","category-columna","category-minuto-a-minuto","category-zona-critica","tag-opinion-zona-critica"],"jetpack_featured_media_url":"https:\/\/zonaroja.com.mx\/wp-content\/uploads\/2022\/05\/Opinion-Ismael-Garcia-M.jpg","jetpack_sharing_enabled":true,"_links":{"self":[{"href":"https:\/\/zonaroja.com.mx\/index.php?rest_route=\/wp\/v2\/posts\/57657","targetHints":{"allow":["GET"]}}],"collection":[{"href":"https:\/\/zonaroja.com.mx\/index.php?rest_route=\/wp\/v2\/posts"}],"about":[{"href":"https:\/\/zonaroja.com.mx\/index.php?rest_route=\/wp\/v2\/types\/post"}],"author":[{"embeddable":true,"href":"https:\/\/zonaroja.com.mx\/index.php?rest_route=\/wp\/v2\/users\/2"}],"replies":[{"embeddable":true,"href":"https:\/\/zonaroja.com.mx\/index.php?rest_route=%2Fwp%2Fv2%2Fcomments&post=57657"}],"version-history":[{"count":1,"href":"https:\/\/zonaroja.com.mx\/index.php?rest_route=\/wp\/v2\/posts\/57657\/revisions"}],"predecessor-version":[{"id":57658,"href":"https:\/\/zonaroja.com.mx\/index.php?rest_route=\/wp\/v2\/posts\/57657\/revisions\/57658"}],"wp:featuredmedia":[{"embeddable":true,"href":"https:\/\/zonaroja.com.mx\/index.php?rest_route=\/wp\/v2\/media\/41735"}],"wp:attachment":[{"href":"https:\/\/zonaroja.com.mx\/index.php?rest_route=%2Fwp%2Fv2%2Fmedia&parent=57657"}],"wp:term":[{"taxonomy":"category","embeddable":true,"href":"https:\/\/zonaroja.com.mx\/index.php?rest_route=%2Fwp%2Fv2%2Fcategories&post=57657"},{"taxonomy":"post_tag","embeddable":true,"href":"https:\/\/zonaroja.com.mx\/index.php?rest_route=%2Fwp%2Fv2%2Ftags&post=57657"}],"curies":[{"name":"wp","href":"https:\/\/api.w.org\/{rel}","templated":true}]}}