{"id":5766,"date":"2019-11-15T17:58:20","date_gmt":"2019-11-15T23:58:20","guid":{"rendered":"http:\/\/www.zonaroja.com.mx\/?p=5766"},"modified":"2019-11-15T17:58:25","modified_gmt":"2019-11-15T23:58:25","slug":"tercer-informe-entre-marchas-protestas-y-bunker-policiaco","status":"publish","type":"post","link":"https:\/\/zonaroja.com.mx\/?p=5766","title":{"rendered":"Tercer Informe, entre marchas, protestas y b\u00fanker policiaco"},"content":{"rendered":"\n<p>Evlin Arag\u00f3n\/zona Roja.<\/p>\n\n\n\n<p>Oaxaca de Ju\u00e1rez, Oax., 15 de noviembre\nde 2019.- Las marchas y protestas no faltaron este viernes, d\u00eda del Tercer\nInforme de Gobierno del mandatario Alejandro Murat.<\/p>\n\n\n\n<p>Mientras que en el Congreso del Estado se\nmoviliz\u00f3 una representaci\u00f3n de la Secci\u00f3n 22 del SNTE, al exterior del Centro\nCultural y de Convenciones llegaron manifestantes antiaborto, conductores de\ncamiones del transporte urbano, pobladores de Tlacolula y familiares de dos\ndesaparecidos.<\/p>\n\n\n\n<p>Adrede, el magisterio march\u00f3 tarde,\ndespu\u00e9s de la asistencia del mandatario a la C\u00e1mara de Diputados; la cita de\nlos docentes fue en el crucero del monumento a don Benito Ju\u00e1rez, bulevar\nGuadalupe Hinojosa, para caminar hacia San Raymundo Jalpan.<\/p>\n\n\n\n<p>Pero no solamente tardaban en salir sino la marcha pareci\u00f3 tambi\u00e9n de pies cansados, a fin de permitir la retirada tranquila de Murat Hinojosa. Alrededor de las 11:00 de la ma\u00f1ana concluy\u00f3 con un breve mitin la presencia de la Secci\u00f3n 22, sin mayores contratiempos ni violencia.<\/p>\n\n\n\n<figure class=\"wp-block-embed-twitter wp-block-embed is-type-rich is-provider-twitter\"><div class=\"wp-block-embed__wrapper\">\n<div class=\"twitter-tweet\"><blockquote class=\"twitter-tweet\" data-lang=\"es\"><p lang=\"es\" dir=\"ltr\">En el marco del <a href=\"https:\/\/twitter.com\/hashtag\/TercerInformeOaxaca?src=hash&amp;ref_src=twsrc%5Etfw\">#TercerInformeOaxaca<\/a>, la Secci\u00f3n 22 del SNTE realiza este viernes una marcha de Santa Cruz Xoxocotl\u00e1n hacia la sede de la C\u00e1mara de Diputados en San Raymundo Jalpan. <a href=\"https:\/\/t.co\/WB3fBIwT71\">pic.twitter.com\/WB3fBIwT71<\/a><\/p>&mdash; Zona Roja Oaxaca (@MexRoja) <a href=\"https:\/\/twitter.com\/MexRoja\/status\/1195367493755387904?ref_src=twsrc%5Etfw\">15 de noviembre de 2019<\/a><\/blockquote><\/div>\n<\/div><\/figure>\n\n\n\n<p>\u201cSeguimos en la exigencia de que\nconsolide la reconstrucci\u00f3n de las escuelas en Oaxaca, ya que siguen siendo los\ntrabajadores de la educaci\u00f3n en coordinaci\u00f3n de padres y madres de familia,\nquienes buscan las condiciones m\u00ednimas para brindar el servicio y cumplir con\nel derecho a la educaci\u00f3n que tanto vociferan en las diferentes instancias de\ngobierno\u201d, asegur\u00f3 el secretario de organizaci\u00f3n de la gremial, Genaro Mart\u00ednez\nMorales.<\/p>\n\n\n\n<p>Mientras tanto, la avenida L\u00e1zaro\nC\u00e1rdenas y calles aleda\u00f1as al Centro de Convenciones de Santa Luc\u00eda del Camino,\nse convirtieron en un b\u00fanker, para disuadir cualquier tipo de manifestaci\u00f3n.<\/p>\n\n\n\n<p>Pero adem\u00e1s, presuntos afiliados a la\nConfederaci\u00f3n Aut\u00f3noma de Trabajadores y Empleados de M\u00e9xico (CATEM) fueron\nconvocados para defender la zona, en caso que fuera necesario, para lo cual se\nproveyeron de piedras y palos.<\/p>\n\n\n\n<p>Primero llegaron de manera pac\u00edfica familiares de dos personas desaparecidas desde el pasado jueves 7 noviembre, quienes solicitaron la intervenci\u00f3n del gobernador Alejandro Murat y del fiscal general, Rub\u00e9n Vasconcelos M\u00e9ndez, para dar con su paradero.<\/p>\n\n\n\n<figure class=\"wp-block-embed-twitter wp-block-embed is-type-rich is-provider-twitter\"><div class=\"wp-block-embed__wrapper\">\n<div class=\"twitter-tweet\"><blockquote class=\"twitter-tweet\" data-lang=\"es\"><p lang=\"es\" dir=\"ltr\">Negligencias de la <a href=\"https:\/\/twitter.com\/FISCALIA_GobOax?ref_src=twsrc%5Etfw\">@FISCALIA_GobOax<\/a> generan m\u00e1s protestas este viernes y en el marco del <a href=\"https:\/\/twitter.com\/hashtag\/TercerInformeOaxaca?src=hash&amp;ref_src=twsrc%5Etfw\">#TercerInformeOaxaca<\/a> de <a href=\"https:\/\/twitter.com\/alejandromurat?ref_src=twsrc%5Etfw\">@alejandromurat<\/a>, familiares de dos personas desaparecidas la semana pasada exigen que inicien la b\u00fasqueda; ayer hicieron la misma denuncia y nadie les hizo caso. <a href=\"https:\/\/t.co\/y2oYSidVpj\">pic.twitter.com\/y2oYSidVpj<\/a><\/p>&mdash; Zona Roja Oaxaca (@MexRoja) <a href=\"https:\/\/twitter.com\/MexRoja\/status\/1195421544228573184?ref_src=twsrc%5Etfw\">15 de noviembre de 2019<\/a><\/blockquote><\/div>\n<\/div><\/figure>\n\n\n\n<p>Bernardo Heriberto Cruz Ram\u00edrez,\nasegur\u00f3 que su hijo Heriberto Antonio Cruz D\u00edaz y Cesar Altamirano Garc\u00eda\ndesaparecieron en inmediaciones de Santa Mar\u00eda Tlahuiltoltepec, luego de acudir\na realizar el cobro de un recurso que les adeudaban un poblador de la localidad\nen donde se presume fueron detenidos y linchados en el lugar, sin que hasta el\nmomento las autoridades quieran siquiera ingresar a la zona que califican de\nalta conflictividad.<\/p>\n\n\n\n<p>Tambi\u00e9n llegaron integrantes de\norganismos civiles en defensa de la vida y en contra del aborto, que con\npancartas se manifestaron de manera pac\u00edfica en la zona, a fin de difundir su\nmensaje. Participaron tambi\u00e9n m\u00e9dicos oaxaque\u00f1os, que rechazaron realizar los\nabortos en caso de que se den.<\/p>\n\n\n\n<p>Habitantes de Tlacolula a favor de la\nreubicaci\u00f3n de escuelas en disputa, la matutina \u201cPresidente L\u00f3pez Mateos\u201d y la\nvespertina \u201cSor Juana In\u00e9s de la Cruz\u201d, tambi\u00e9n protestaron de manera pac\u00edfica,\na trav\u00e9s de un baile regional.<\/p>\n\n\n\n<p>Adem\u00e1s, hubo tambi\u00e9n una denuncia de\ntrabajadores del volante de camiones del transporte urbano de la capital.<\/p>\n\n\n\n<p>Despu\u00e9s de las 15:00 horas la\ntranquilidad y el despeje de calles volvi\u00f3 a los alrededores del Centro de\nConvenciones.<\/p>\n","protected":false},"excerpt":{"rendered":"<p>Evlin Arag\u00f3n\/zona Roja. Oaxaca de Ju\u00e1rez, Oax., 15 de noviembre de 2019.- Las marchas y&hellip;<\/p>\n","protected":false},"author":2,"featured_media":5767,"comment_status":"closed","ping_status":"open","sticky":false,"template":"","format":"standard","meta":{"_lmt_disableupdate":"","_lmt_disable":"","_jetpack_memberships_contains_paid_content":false,"footnotes":""},"categories":[109,47],"tags":[1015],"class_list":["post-5766","post","type-post","status-publish","format-standard","has-post-thumbnail","hentry","category-minuto-a-minuto","category-zona-gris","tag-tercer-informe-de-gobierno"],"jetpack_featured_media_url":"https:\/\/zonaroja.com.mx\/wp-content\/uploads\/2019\/11\/Image-1-46.png","jetpack_sharing_enabled":true,"_links":{"self":[{"href":"https:\/\/zonaroja.com.mx\/index.php?rest_route=\/wp\/v2\/posts\/5766","targetHints":{"allow":["GET"]}}],"collection":[{"href":"https:\/\/zonaroja.com.mx\/index.php?rest_route=\/wp\/v2\/posts"}],"about":[{"href":"https:\/\/zonaroja.com.mx\/index.php?rest_route=\/wp\/v2\/types\/post"}],"author":[{"embeddable":true,"href":"https:\/\/zonaroja.com.mx\/index.php?rest_route=\/wp\/v2\/users\/2"}],"replies":[{"embeddable":true,"href":"https:\/\/zonaroja.com.mx\/index.php?rest_route=%2Fwp%2Fv2%2Fcomments&post=5766"}],"version-history":[{"count":1,"href":"https:\/\/zonaroja.com.mx\/index.php?rest_route=\/wp\/v2\/posts\/5766\/revisions"}],"predecessor-version":[{"id":5768,"href":"https:\/\/zonaroja.com.mx\/index.php?rest_route=\/wp\/v2\/posts\/5766\/revisions\/5768"}],"wp:featuredmedia":[{"embeddable":true,"href":"https:\/\/zonaroja.com.mx\/index.php?rest_route=\/wp\/v2\/media\/5767"}],"wp:attachment":[{"href":"https:\/\/zonaroja.com.mx\/index.php?rest_route=%2Fwp%2Fv2%2Fmedia&parent=5766"}],"wp:term":[{"taxonomy":"category","embeddable":true,"href":"https:\/\/zonaroja.com.mx\/index.php?rest_route=%2Fwp%2Fv2%2Fcategories&post=5766"},{"taxonomy":"post_tag","embeddable":true,"href":"https:\/\/zonaroja.com.mx\/index.php?rest_route=%2Fwp%2Fv2%2Ftags&post=5766"}],"curies":[{"name":"wp","href":"https:\/\/api.w.org\/{rel}","templated":true}]}}