{"id":57662,"date":"2023-07-17T12:26:00","date_gmt":"2023-07-17T17:26:00","guid":{"rendered":"http:\/\/www.zonaroja.com.mx\/?p=57662"},"modified":"2023-07-17T08:35:06","modified_gmt":"2023-07-17T13:35:06","slug":"llama-la-profeco-a-provedores-a-respetar-derechos-en-fiestas-de-guelaguetza","status":"publish","type":"post","link":"https:\/\/zonaroja.com.mx\/?p=57662","title":{"rendered":"Llama la Profeco a provedores a respetar derechos en fiestas de Guelaguetza"},"content":{"rendered":"\n<p>Redacci\u00f3n\/Zona Roja.&nbsp;<\/p>\n\n\n\n<p>Oaxaca de Ju\u00e1rez, Oax., a&nbsp;17&nbsp;de julio&nbsp;de 2023.-&nbsp;La Oficina en Oaxaca de&nbsp;la Procuradur\u00eda Federal del Consumidor, implementa&nbsp;diversas acciones en&nbsp;\u2018Julio, mes de la Guelaguetza 2023\u2019,&nbsp;que tienen&nbsp;por objetivo&nbsp;garantizar el respeto de los derechos de las personas&nbsp;que consumen servicios tur\u00edsticos y de temporada, as\u00ed como&nbsp;atender las denuncias mediante acciones de verificaci\u00f3n y recepci\u00f3n de quejas&nbsp;en los principales eventos realizados alrededor de las festividades tradicionales de&nbsp;los&nbsp;Lunes del Cerro.&nbsp;&nbsp;<\/p>\n\n\n\n<p>La Profeco recuerda a proveedores participantes de los distintos eventos que deben&nbsp;exhibir los precios y tarifas de productos o servicios de manera visible y clara; respetar los precios exhibidos de cada uno de los productos; hacer entrega de comprobantes de las operaciones&nbsp;comerciales realizadas;&nbsp;evitar pr\u00e1cticas discriminatorias, condicionamiento,&nbsp;negativa de venta o cargos indebidos,&nbsp;de esta manera se garantizan los derechos de las y los consumidores en Oaxaca y sus visitantes en estas importantes festividades de los Valles Centrales.&nbsp;<\/p>\n\n\n\n<p>La titular de la Profeco en Oaxaca, Mar\u00eda de Lourdes Santiago Cruz, informa que&nbsp;existe respetuosa colaboraci\u00f3n con la Secretar\u00eda de Turismo para la atenci\u00f3n pronta de consumidores que requieran asesor\u00eda. Adem\u00e1s,&nbsp;en&nbsp;colaboraci\u00f3n&nbsp;con la Secretar\u00eda de Desarrollo Econ\u00f3mico del Gobierno del Estado&nbsp;de Oaxaca, se&nbsp;realizar\u00e1n recorridos de supervisi\u00f3n en la&nbsp;Feria Internacional del Mezcal 2023, a efecto de&nbsp;cerciorarse que los productos acrediten&nbsp;el cumplimiento normativo.&nbsp;<\/p>\n\n\n\n<p>Tambi\u00e9n se realizar\u00e1n recorridos&nbsp;de vigilancia&nbsp;del correcto comportamiento comercial&nbsp;en los distintos eventos&nbsp;como el&nbsp;primer y segundo&nbsp;Lunes del Cerro, la&nbsp;Feria Internacional del Mezcal&nbsp;en Centro de Convenciones, la&nbsp;Semana de los Antojos \u201cSabores de mi Tierra\u201d,&nbsp;Feria del&nbsp;Tejate&nbsp;y el Tamal,&nbsp;las&nbsp;Guelaguetzas&nbsp;de&nbsp;Zaachila,&nbsp;Zimatl\u00e1n&nbsp;y Etla&nbsp;y la&nbsp;Feria de las Artesan\u00edas&nbsp;en&nbsp;Tlacolula.&nbsp;<\/p>\n\n\n\n<p>Con estas acciones, la&nbsp;Profeco reitera su compromiso de&nbsp;proteger a la poblaci\u00f3n consumidora y&nbsp;pone a&nbsp;su&nbsp;disposici\u00f3n los canales de comunicaci\u00f3n para reportar&nbsp;a proveedores abusivos&nbsp;&nbsp;o&nbsp;solicitar asesor\u00eda al&nbsp;Tel\u00e9fono del Consumidor 800 468 8722, en la ciudad de Oaxaca el 951 51 3 41 41,&nbsp;951 5134649&nbsp;y&nbsp;las redes sociales oficiales en&nbsp;Twitter: @AtencionProfeco&nbsp;y en Facebook:&nbsp;ProfecoOficial.<\/p>\n\n\n\n<p>(Comunicado)<\/p>\n","protected":false},"excerpt":{"rendered":"<p>Redacci\u00f3n\/Zona Roja.&nbsp; Oaxaca de Ju\u00e1rez, Oax., a&nbsp;17&nbsp;de julio&nbsp;de 2023.-&nbsp;La Oficina en Oaxaca de&nbsp;la Procuradur\u00eda Federal&hellip;<\/p>\n","protected":false},"author":2,"featured_media":57663,"comment_status":"closed","ping_status":"open","sticky":false,"template":"","format":"standard","meta":{"_lmt_disableupdate":"","_lmt_disable":"","_jetpack_memberships_contains_paid_content":false,"footnotes":""},"categories":[109,46],"tags":[788],"class_list":["post-57662","post","type-post","status-publish","format-standard","has-post-thumbnail","hentry","category-minuto-a-minuto","category-zona-blanca","tag-profeco-oaxaca"],"jetpack_featured_media_url":"https:\/\/zonaroja.com.mx\/wp-content\/uploads\/2023\/07\/Profeco-Oaxaca.jpg","jetpack_sharing_enabled":true,"_links":{"self":[{"href":"https:\/\/zonaroja.com.mx\/index.php?rest_route=\/wp\/v2\/posts\/57662","targetHints":{"allow":["GET"]}}],"collection":[{"href":"https:\/\/zonaroja.com.mx\/index.php?rest_route=\/wp\/v2\/posts"}],"about":[{"href":"https:\/\/zonaroja.com.mx\/index.php?rest_route=\/wp\/v2\/types\/post"}],"author":[{"embeddable":true,"href":"https:\/\/zonaroja.com.mx\/index.php?rest_route=\/wp\/v2\/users\/2"}],"replies":[{"embeddable":true,"href":"https:\/\/zonaroja.com.mx\/index.php?rest_route=%2Fwp%2Fv2%2Fcomments&post=57662"}],"version-history":[{"count":1,"href":"https:\/\/zonaroja.com.mx\/index.php?rest_route=\/wp\/v2\/posts\/57662\/revisions"}],"predecessor-version":[{"id":57664,"href":"https:\/\/zonaroja.com.mx\/index.php?rest_route=\/wp\/v2\/posts\/57662\/revisions\/57664"}],"wp:featuredmedia":[{"embeddable":true,"href":"https:\/\/zonaroja.com.mx\/index.php?rest_route=\/wp\/v2\/media\/57663"}],"wp:attachment":[{"href":"https:\/\/zonaroja.com.mx\/index.php?rest_route=%2Fwp%2Fv2%2Fmedia&parent=57662"}],"wp:term":[{"taxonomy":"category","embeddable":true,"href":"https:\/\/zonaroja.com.mx\/index.php?rest_route=%2Fwp%2Fv2%2Fcategories&post=57662"},{"taxonomy":"post_tag","embeddable":true,"href":"https:\/\/zonaroja.com.mx\/index.php?rest_route=%2Fwp%2Fv2%2Ftags&post=57662"}],"curies":[{"name":"wp","href":"https:\/\/api.w.org\/{rel}","templated":true}]}}