{"id":57670,"date":"2023-07-17T18:30:40","date_gmt":"2023-07-17T23:30:40","guid":{"rendered":"http:\/\/www.zonaroja.com.mx\/?p=57670"},"modified":"2023-07-17T18:30:45","modified_gmt":"2023-07-17T23:30:45","slug":"guelaguetza-morenista-con-aires-de-los-murat-luto-intoxicados-y-desorden","status":"publish","type":"post","link":"https:\/\/zonaroja.com.mx\/?p=57670","title":{"rendered":"Guelaguetza morenista con aires de los Murat, luto, intoxicados y desorden"},"content":{"rendered":"\n<p>Yuridiana Sosa\/Zona Roja.<\/p>\n\n\n\n<p>Oaxaca de Ju\u00e1rez, Oax., a 17 de julio de 2023.- El primer Lunes del Cerro para el gobierno morenista de Salom\u00f3n Jara Cruz tuvo luto, un aire del priismo de los Murat, y el disgusto de sus participantes por la mala organizaci\u00f3n e intoxicaci\u00f3n que sufri\u00f3 un grupo de bailarines.<\/p>\n\n\n\n<p>La fiesta m\u00e1xima desde el gobierno de la autollamada \u201cCuarta Transformaci\u00f3n\u201d se vendi\u00f3 como un evento distinto al de otros gobiernos, de inicio a fin; sin embargo, las similitudes con lo que realiz\u00f3 el antecesor, el pri\u00edsta Alejandro Murat y su esposa Ivette Mor\u00e1n, fueron varias.<\/p>\n\n\n\n<p>As\u00ed como Murat recurri\u00f3 al acarreo para llenar su \u00faltimo Lunes del Cerro en el auditorio \u201cGuelaguetza\u201d, Jara Cruz lo hizo para abarrotar el primero, con la utilizaci\u00f3n de incluso la organizaci\u00f3n priista CTM, a la que en diversas ocasiones ha criticado.<\/p>\n\n\n\n<p>Pues la primera funci\u00f3n de este lunes inici\u00f3 con cientos de butacas vac\u00edas, principalmente de las secciones gratuitas, ello a pesar que la misma Secretar\u00eda de Turismo que dirige Saymi Pineda Velasco presumi\u00f3 que desde la madrugada llegaron los asistentes a hacer fila para entrar al auditorio.<\/p>\n\n\n\n<p>Desde esta Secretar\u00eda tambi\u00e9n se registr\u00f3 el desorden desde d\u00edas antes con el cambio de ruta para el desfile de las delegaciones participantes, lista en la que se extra\u00f1\u00f3 la presencia de dos de las m\u00e1s queridas de los Valles Centrales, San Antonino Castillo Velasco y San Pablo Mitla, este \u00faltimo municipio -Pueblo M\u00e1gico-con graves diferencias pol\u00edticas con el mandatario Salom\u00f3n Jara.<\/p>\n\n\n\n<figure class=\"wp-block-embed is-type-rich is-provider-twitter wp-block-embed-twitter\"><div class=\"wp-block-embed__wrapper\">\n<div class=\"twitter-tweet\"><blockquote class=\"twitter-tweet\" data-lang=\"es\"><p lang=\"es\" dir=\"ltr\">Plena descoordinaci\u00f3n entre la <a href=\"https:\/\/twitter.com\/SSPC_GobOax?ref_src=twsrc%5Etfw\">@SSPC_GobOax<\/a> y <a href=\"https:\/\/twitter.com\/PABIC_GobOax?ref_src=twsrc%5Etfw\">@PABIC_GobOax<\/a> con la <a href=\"https:\/\/twitter.com\/SECTUR_GobOax?ref_src=twsrc%5Etfw\">@SECTUR_GobOax<\/a>.<br>Un grupo de acarreados, de la CTM que fue llamado para llenar el auditorio, fue frenado por polic\u00edas. <br>Pero tras aclararse la situaci\u00f3n, les permitieron ingresar para cumplir la orden de ocupar\u2026 <a href=\"https:\/\/t.co\/tXnKjYs0eC\">pic.twitter.com\/tXnKjYs0eC<\/a><\/p>&mdash; Zona Roja Oaxaca (@ZonaRoja_Oaxaca) <a href=\"https:\/\/twitter.com\/ZonaRoja_Oaxaca\/status\/1681019484776038400?ref_src=twsrc%5Etfw\">17 de julio de 2023<\/a><\/blockquote><\/div>\n<\/div><\/figure>\n\n\n\n<p>As\u00ed tambi\u00e9n, la Sectur de Oaxaca envi\u00f3 a algunas delegaciones a hospedarse a moteles de baja categor\u00eda y este domingo, se report\u00f3 que la mitad de los participantes de la delegaci\u00f3n de Santiago Jamiltepec result\u00f3 con problemas gastrointestinales e intoxicaci\u00f3n por consumir alimentos en mal estado en el restaurante \u201cEl Mirador\u201d, en el cerro del \u201cFort\u00edn\u201d, lugar del que se encarg\u00f3 contratar la dependencia de Saymi Pineda.<\/p>\n\n\n\n<p>SAYMI LA IMITADORA<\/p>\n\n\n\n<p>La misma secretaria cay\u00f3 en otra incongruencia, imitar los vestuarios estilizados de las prendas tradicionales como lo hizo la esposa del ex gobernador, Ivette Mor\u00e1n.<\/p>\n\n\n\n<p>Pineda Velasco opt\u00f3 para la primera presentaci\u00f3n del Lunes del Cerro un vestido que simulaba la prenda hist\u00f3rica de la Danza de la Pluma; adem\u00e1s, de tambi\u00e9n imitar ser protagonista en las convivencias de las delegaciones.<\/p>\n\n\n\n<p>La llegada de los funcionarios a la primera edici\u00f3n de la Guelaguetza tampoco cumpli\u00f3 con la austeridad; a la fiesta del pueblo, a la fiesta racial m\u00e1s grande de Am\u00e9rica llegaron en veh\u00edculos de lujo.<\/p>\n\n\n\n<p>Lo que dependi\u00f3 del Gobierno del Estado, no result\u00f3 del todo un \u00e9xito. Y lo que no, tambi\u00e9n tuvo un impacto en su fiesta.<\/p>\n\n\n\n<p>Pues en la celebraci\u00f3n tambi\u00e9n estuvo presente el luto por parte de la delegaci\u00f3n de Tuxtepec \u201cFlor de Pi\u00f1a\u201d, que en menos de una semana sufri\u00f3 la p\u00e9rdida de su creadora, Paulina Sol\u00eds Ocampo, a d\u00edas de cumplirse los 65 a\u00f1os de este baile sobre la rotonda de la azucenas, y de una integrante del grupo que asistir\u00eda este a\u00f1o, Kary Le\u00f3n.<\/p>\n\n\n\n<p>Ante sus partidas, el 9 y 13 de julio, respectivamente, las bailarinas portaron un list\u00f3n negro en s\u00edmbolo de luto y en homenaje a ambas mujeres que formaron parte de la historia de la delegaci\u00f3n.<\/p>\n\n\n\n<p>Es el primer Lunes del Cerro, salvado de un boicot del magisterio por parte de la Secci\u00f3n 22 del SNTE, quien advirti\u00f3 que hay un segundo lunes para manifestarse.\u00a0<\/p>\n\n\n\n<figure class=\"wp-block-embed is-type-rich is-provider-twitter wp-block-embed-twitter\"><div class=\"wp-block-embed__wrapper\">\n<div class=\"twitter-tweet\"><blockquote class=\"twitter-tweet\" data-lang=\"es\"><p lang=\"es\" dir=\"ltr\">A punto de iniciar la primera edici\u00f3n del Lunes del Cerro, a\u00fan hay espacios vac\u00edos en la parte alta del auditorio \u201cGuelaguetza\u201d, en la capital oaxaque\u00f1a. <a href=\"https:\/\/t.co\/bPsihbWbuh\">pic.twitter.com\/bPsihbWbuh<\/a><\/p>&mdash; Zona Roja Oaxaca (@ZonaRoja_Oaxaca) <a href=\"https:\/\/twitter.com\/ZonaRoja_Oaxaca\/status\/1680974420339220486?ref_src=twsrc%5Etfw\">17 de julio de 2023<\/a><\/blockquote><\/div>\n<\/div><\/figure>\n","protected":false},"excerpt":{"rendered":"<p>Yuridiana Sosa\/Zona Roja. Oaxaca de Ju\u00e1rez, Oax., a 17 de julio de 2023.- El primer&hellip;<\/p>\n","protected":false},"author":2,"featured_media":57671,"comment_status":"closed","ping_status":"open","sticky":false,"template":"","format":"standard","meta":{"_lmt_disableupdate":"","_lmt_disable":"","_jetpack_memberships_contains_paid_content":false,"footnotes":""},"categories":[109,47],"tags":[3517],"class_list":["post-57670","post","type-post","status-publish","format-standard","has-post-thumbnail","hentry","category-minuto-a-minuto","category-zona-gris","tag-guelaguetza-2023-oaxaca"],"jetpack_featured_media_url":"https:\/\/zonaroja.com.mx\/wp-content\/uploads\/2023\/07\/Guelaguetza-vacia-Oaxaca.jpg","jetpack_sharing_enabled":true,"_links":{"self":[{"href":"https:\/\/zonaroja.com.mx\/index.php?rest_route=\/wp\/v2\/posts\/57670","targetHints":{"allow":["GET"]}}],"collection":[{"href":"https:\/\/zonaroja.com.mx\/index.php?rest_route=\/wp\/v2\/posts"}],"about":[{"href":"https:\/\/zonaroja.com.mx\/index.php?rest_route=\/wp\/v2\/types\/post"}],"author":[{"embeddable":true,"href":"https:\/\/zonaroja.com.mx\/index.php?rest_route=\/wp\/v2\/users\/2"}],"replies":[{"embeddable":true,"href":"https:\/\/zonaroja.com.mx\/index.php?rest_route=%2Fwp%2Fv2%2Fcomments&post=57670"}],"version-history":[{"count":1,"href":"https:\/\/zonaroja.com.mx\/index.php?rest_route=\/wp\/v2\/posts\/57670\/revisions"}],"predecessor-version":[{"id":57672,"href":"https:\/\/zonaroja.com.mx\/index.php?rest_route=\/wp\/v2\/posts\/57670\/revisions\/57672"}],"wp:featuredmedia":[{"embeddable":true,"href":"https:\/\/zonaroja.com.mx\/index.php?rest_route=\/wp\/v2\/media\/57671"}],"wp:attachment":[{"href":"https:\/\/zonaroja.com.mx\/index.php?rest_route=%2Fwp%2Fv2%2Fmedia&parent=57670"}],"wp:term":[{"taxonomy":"category","embeddable":true,"href":"https:\/\/zonaroja.com.mx\/index.php?rest_route=%2Fwp%2Fv2%2Fcategories&post=57670"},{"taxonomy":"post_tag","embeddable":true,"href":"https:\/\/zonaroja.com.mx\/index.php?rest_route=%2Fwp%2Fv2%2Ftags&post=57670"}],"curies":[{"name":"wp","href":"https:\/\/api.w.org\/{rel}","templated":true}]}}