{"id":57673,"date":"2023-07-17T19:09:48","date_gmt":"2023-07-18T00:09:48","guid":{"rendered":"http:\/\/www.zonaroja.com.mx\/?p=57673"},"modified":"2023-07-17T19:10:05","modified_gmt":"2023-07-18T00:10:05","slug":"ingobernabilidad-municipal-y-ambulante-por-guelaguetza-deriva-en-disputa-entre-vecinos","status":"publish","type":"post","link":"https:\/\/zonaroja.com.mx\/?p=57673","title":{"rendered":"Ingobernabilidad municipal y ambulante por Guelaguetza deriva en disputa entre vecinos"},"content":{"rendered":"\n<p>Yuridiana Sosa\/Zona Roja.<\/p>\n\n\n\n<p>Oaxaca de Ju\u00e1rez, Oax., a 17 de julio de 2023.- Vecinos de las colonias Guelaguetza y Azucenas, en inmediaciones del Cerro del Fort\u00edn, protagonizaron un conato de bronca ante la intenci\u00f3n de un grupo de habitantes de invadir terrenos e instalar puestos ambulantes en la escalinata al auditorio \u201cGuelaguetza\u201d.<\/p>\n\n\n\n<p>El problema ha sido minimizado por el gobierno municipal de Oaxaca de Ju\u00e1rez a pesar de las afectaciones en plena festividad de la m\u00e1xima fiesta folcl\u00f3rica.<\/p>\n\n\n\n<p>El ayuntamiento que dirige Francisco Mart\u00ednez Neri no ha podido controlar el ambulantaje en el Centro Hist\u00f3rico y por el contrario, opta por permitirlo para evitar problemas, por lo que en esta ocasi\u00f3n fue la Secretar\u00eda de Gobierno la que acudi\u00f3 a mediar el problema que pintaba sucesos de agresi\u00f3n.<\/p>\n\n\n\n<p>La presidenta del Comit\u00e9 de Vida Vecinal de la colonia Guelaguetza, Odilia S\u00e1nchez, se\u00f1al\u00f3 que los vecinos de la colonia Azucenas pretenden invadir parte de su colonia para colocar por temporada puestos de venta en la escalinata, pero adem\u00e1s, cerraron una calle importante para la vialidad con una cadena.<\/p>\n\n\n\n<p>El enfrentamiento entre vecinos -uno de ellos de la colonia Azucenas portando unas tijeras como arma- ocurri\u00f3 cuando un habitante de la colonia Guelaguetza trat\u00f3 de retirar la cadena.<\/p>\n\n\n\n<p>Enojados por la acci\u00f3n, trataron de acusar a los colonos de la Guelaguetza de las agresiones, por lo que no aceptaron un trato para abrir la vialidad que da acceso a la escalinata del auditorio Guelaguetza.<\/p>\n\n\n\n<p>La presidenta del Comvive indic\u00f3 que trataron sus vecinos de la colonia Azucenas se niegan a reconocer que la zona que pelean no les corresponde pese a los planos de los l\u00edmites entre los asentamientos, los cuales est\u00e1n reconocidos por el ayuntamiento de Oaxaca de Ju\u00e1rez.<\/p>\n\n\n\n<p>Odilia S\u00e1nchez insisti\u00f3 en el respeto a los espacios p\u00fablicos y l\u00edmites entre colonias para una sana convivencia, pero desafortunadamente la autoridad municipal no ha sido contundente en este tema.<\/p>\n\n\n\n<figure class=\"wp-block-embed is-type-rich is-provider-twitter wp-block-embed-twitter\"><div class=\"wp-block-embed__wrapper\">\n<div class=\"twitter-tweet\"><blockquote class=\"twitter-tweet\" data-lang=\"es\"><p lang=\"es\" dir=\"ltr\"><a href=\"https:\/\/twitter.com\/hashtag\/%C3%9AltimoMinuto?src=hash&amp;ref_src=twsrc%5Etfw\">#\u00daltimoMinuto<\/a> <br>Confirma la dirigente de la colonia Guelaguetza, Odilia S\u00e1nchez, agresiones por parte de los colonos de la Azucena, as\u00ed como la omisi\u00f3n del edil del <a href=\"https:\/\/twitter.com\/MunicipioOaxaca?ref_src=twsrc%5Etfw\">@MunicipioOaxaca<\/a>, <a href=\"https:\/\/twitter.com\/FMartinezNeri?ref_src=twsrc%5Etfw\">@FMartinezNeri<\/a>, para resolver la problem\u00e1tica: <a href=\"https:\/\/t.co\/NatzuUDW7e\">pic.twitter.com\/NatzuUDW7e<\/a><\/p>&mdash; Zona Roja Oaxaca (@ZonaRoja_Oaxaca) <a href=\"https:\/\/twitter.com\/ZonaRoja_Oaxaca\/status\/1680997120218677253?ref_src=twsrc%5Etfw\">17 de julio de 2023<\/a><\/blockquote><\/div>\n<\/div><\/figure>\n","protected":false},"excerpt":{"rendered":"<p>Yuridiana Sosa\/Zona Roja. Oaxaca de Ju\u00e1rez, Oax., a 17 de julio de 2023.- Vecinos de&hellip;<\/p>\n","protected":false},"author":2,"featured_media":57674,"comment_status":"closed","ping_status":"open","sticky":false,"template":"","format":"standard","meta":{"_lmt_disableupdate":"","_lmt_disable":"","_jetpack_memberships_contains_paid_content":false,"footnotes":""},"categories":[109,47],"tags":[3517,148],"class_list":["post-57673","post","type-post","status-publish","format-standard","has-post-thumbnail","hentry","category-minuto-a-minuto","category-zona-gris","tag-guelaguetza-2023-oaxaca","tag-oaxaca-de-juarez"],"jetpack_featured_media_url":"https:\/\/zonaroja.com.mx\/wp-content\/uploads\/2023\/07\/Zafarrancho-cerro-del-Fortin.jpg","jetpack_sharing_enabled":true,"_links":{"self":[{"href":"https:\/\/zonaroja.com.mx\/index.php?rest_route=\/wp\/v2\/posts\/57673","targetHints":{"allow":["GET"]}}],"collection":[{"href":"https:\/\/zonaroja.com.mx\/index.php?rest_route=\/wp\/v2\/posts"}],"about":[{"href":"https:\/\/zonaroja.com.mx\/index.php?rest_route=\/wp\/v2\/types\/post"}],"author":[{"embeddable":true,"href":"https:\/\/zonaroja.com.mx\/index.php?rest_route=\/wp\/v2\/users\/2"}],"replies":[{"embeddable":true,"href":"https:\/\/zonaroja.com.mx\/index.php?rest_route=%2Fwp%2Fv2%2Fcomments&post=57673"}],"version-history":[{"count":2,"href":"https:\/\/zonaroja.com.mx\/index.php?rest_route=\/wp\/v2\/posts\/57673\/revisions"}],"predecessor-version":[{"id":57676,"href":"https:\/\/zonaroja.com.mx\/index.php?rest_route=\/wp\/v2\/posts\/57673\/revisions\/57676"}],"wp:featuredmedia":[{"embeddable":true,"href":"https:\/\/zonaroja.com.mx\/index.php?rest_route=\/wp\/v2\/media\/57674"}],"wp:attachment":[{"href":"https:\/\/zonaroja.com.mx\/index.php?rest_route=%2Fwp%2Fv2%2Fmedia&parent=57673"}],"wp:term":[{"taxonomy":"category","embeddable":true,"href":"https:\/\/zonaroja.com.mx\/index.php?rest_route=%2Fwp%2Fv2%2Fcategories&post=57673"},{"taxonomy":"post_tag","embeddable":true,"href":"https:\/\/zonaroja.com.mx\/index.php?rest_route=%2Fwp%2Fv2%2Ftags&post=57673"}],"curies":[{"name":"wp","href":"https:\/\/api.w.org\/{rel}","templated":true}]}}