{"id":57677,"date":"2023-07-17T22:19:23","date_gmt":"2023-07-18T03:19:23","guid":{"rendered":"http:\/\/www.zonaroja.com.mx\/?p=57677"},"modified":"2023-07-17T22:19:25","modified_gmt":"2023-07-18T03:19:25","slug":"ni-en-guelaguetza-cesan-los-bloqueos-en-oaxaca-hoy-en-mixteca-y-sierra-sur","status":"publish","type":"post","link":"https:\/\/zonaroja.com.mx\/?p=57677","title":{"rendered":"Ni en Guelaguetza cesan los bloqueos en Oaxaca; hoy en Mixteca y Sierra Sur"},"content":{"rendered":"\n<p>Yuridiana Sosa\/ Zona Roja.<\/p>\n\n\n\n<p>Oaxaca de Ju\u00e1rez, Oax., a 17 de julio de 2023.- El primer Lunes del Cerro de este 2023 tambi\u00e9n estuvo marcado por los bloqueos carreteros en el interior del estado, donde acusan desatenci\u00f3n de la Secretar\u00eda de Gobierno.<\/p>\n\n\n\n<p>Mientras que en la capital se disfrut\u00f3 de la Guelaguetza desde el cerro del \u201cFort\u00edn\u201d, en la regi\u00f3n Mixteca miles de habitantes sufrieron de bloqueo en el tramo carretero La Angostura-El Vergel, en Tlaxiaco y adem\u00e1s, los manifestantes fueron atropellados por un conductor que insisti\u00f3 en pasar.<\/p>\n\n\n\n<p>En su tercer d\u00eda de protesta, la empresa de transporte \u201cTriquis Unions\u201d activ\u00f3 un bloqueo sobre la carretera a Putla de Guerrero para exigir la liberaci\u00f3n de una de sus unidades detenida hace una semana por la Polic\u00eda Vial del Estado.<\/p>\n\n\n\n<p>El dirigente Sergio Fern\u00e1ndez, se\u00f1al\u00f3 que la empresa podr\u00eda intensificar sus protestas debido a que la Secretar\u00eda de Gobierno (Sego) no les ha dado soluci\u00f3n a su demanda.<\/p>\n\n\n\n<p>Entre las consecuencias se enlista un bloqueo en la carretera a Nochixtl\u00e1n.<\/p>\n\n\n\n<p>Por otra parte, tambi\u00e9n se registr\u00f3 un bloqueo en la regi\u00f3n de la Sierra Sur, en Santa Catarina Juquila, en la desviaci\u00f3n a R\u00edo Grande, lo que tambi\u00e9n provoc\u00f3 graves afectaciones viales.<\/p>\n","protected":false},"excerpt":{"rendered":"<p>Yuridiana Sosa\/ Zona Roja. Oaxaca de Ju\u00e1rez, Oax., a 17 de julio de 2023.- El&hellip;<\/p>\n","protected":false},"author":2,"featured_media":57678,"comment_status":"closed","ping_status":"open","sticky":false,"template":"","format":"standard","meta":{"_lmt_disableupdate":"","_lmt_disable":"","_jetpack_memberships_contains_paid_content":false,"footnotes":""},"categories":[109,47],"tags":[2264],"class_list":["post-57677","post","type-post","status-publish","format-standard","has-post-thumbnail","hentry","category-minuto-a-minuto","category-zona-gris","tag-bloqueos-y-protestas-oaxaca"],"jetpack_featured_media_url":"https:\/\/zonaroja.com.mx\/wp-content\/uploads\/2023\/07\/Bloqueo-Sierra-Sur-transportistas.jpg","jetpack_sharing_enabled":true,"_links":{"self":[{"href":"https:\/\/zonaroja.com.mx\/index.php?rest_route=\/wp\/v2\/posts\/57677","targetHints":{"allow":["GET"]}}],"collection":[{"href":"https:\/\/zonaroja.com.mx\/index.php?rest_route=\/wp\/v2\/posts"}],"about":[{"href":"https:\/\/zonaroja.com.mx\/index.php?rest_route=\/wp\/v2\/types\/post"}],"author":[{"embeddable":true,"href":"https:\/\/zonaroja.com.mx\/index.php?rest_route=\/wp\/v2\/users\/2"}],"replies":[{"embeddable":true,"href":"https:\/\/zonaroja.com.mx\/index.php?rest_route=%2Fwp%2Fv2%2Fcomments&post=57677"}],"version-history":[{"count":1,"href":"https:\/\/zonaroja.com.mx\/index.php?rest_route=\/wp\/v2\/posts\/57677\/revisions"}],"predecessor-version":[{"id":57679,"href":"https:\/\/zonaroja.com.mx\/index.php?rest_route=\/wp\/v2\/posts\/57677\/revisions\/57679"}],"wp:featuredmedia":[{"embeddable":true,"href":"https:\/\/zonaroja.com.mx\/index.php?rest_route=\/wp\/v2\/media\/57678"}],"wp:attachment":[{"href":"https:\/\/zonaroja.com.mx\/index.php?rest_route=%2Fwp%2Fv2%2Fmedia&parent=57677"}],"wp:term":[{"taxonomy":"category","embeddable":true,"href":"https:\/\/zonaroja.com.mx\/index.php?rest_route=%2Fwp%2Fv2%2Fcategories&post=57677"},{"taxonomy":"post_tag","embeddable":true,"href":"https:\/\/zonaroja.com.mx\/index.php?rest_route=%2Fwp%2Fv2%2Ftags&post=57677"}],"curies":[{"name":"wp","href":"https:\/\/api.w.org\/{rel}","templated":true}]}}