{"id":57683,"date":"2023-07-17T22:58:22","date_gmt":"2023-07-18T03:58:22","guid":{"rendered":"http:\/\/www.zonaroja.com.mx\/?p=57683"},"modified":"2023-07-17T22:58:25","modified_gmt":"2023-07-18T03:58:25","slug":"muere-mujer-atacada-a-balazos-en-la-ciudad-de-oaxaca-indagan-feminicidio","status":"publish","type":"post","link":"https:\/\/zonaroja.com.mx\/?p=57683","title":{"rendered":"Muere mujer atacada a balazos en la ciudad de Oaxaca; indagan feminicidio\u00a0"},"content":{"rendered":"\n<p>Redacci\u00f3n\/Zona Roja.<\/p>\n\n\n\n<p>Oaxaca de Ju\u00e1rez, Oax., a 17 de julio de 2023.- Una mujer perdi\u00f3 la vida en un hospital, tras ser atacada a balazos junto con otros familiares, en la ciudad de Oaxaca.<\/p>\n\n\n\n<p>Fue la madrugada de ayer domingo en que un grupo de personas conviv\u00eda en jurisdicci\u00f3n de la agencia de Dolores, al norte de la capital, cuando dos sujetos a bordo de una motocicleta los atacaron.<\/p>\n\n\n\n<p>Al menos dos personas fueron trasladadas al hospital de zona del IMSS, una de ellas quien fue identificada como Yasm\u00edn M. V., de 29 a\u00f1os de edad, quien ten\u00eda su domicilio en la colonia Reforma y perdi\u00f3 la vida este lunes.<\/p>\n\n\n\n<p>En tanto que otra de las v\u00edctimas, Guadalupe M. C., fue referida luego al Hospital General \u201cDr. Aurelio Valdivieso\u201d, donde a\u00fan convalece; inicialmente se hab\u00eda informado que otra persona del sexo masculino tambi\u00e9n result\u00f3 herida de bala, pero no fue trasladada a alg\u00fan nosocomio o cl\u00ednica.<\/p>\n\n\n\n<p>Por otra parte, la madrugada de hoy, un elemento de la Polic\u00eda Auxiliar, Bancaria, Industrial y Comercial (PABIC), presuntamente se quit\u00f3 la vida con un arma de fuego, en la colonia V\u00edctor Bravo Ah\u00fasa, del municipio de Santa Luc\u00eda del Camino.<\/p>\n\n\n\n<p>La v\u00edctima identificada como \u00c9dgar Jes\u00fas M. E., de 35 a\u00f1os de edad, quien portaba su arma de cargo y, seg\u00fan algunos vecinos, proced\u00eda de la Feria del Mezcal y posteriormente discuti\u00f3 con su pareja, tras lo cual tom\u00f3 la decisi\u00f3n de dispararse.<\/p>\n\n\n\n<p>Mientras tanto, en el Hospital General de la capital oaxaque\u00f1a convalece un joven identificado como \u00c9dgar de Jes\u00fas G. M., quien fue agredido a balazos por sujetos tras robarle su motocicleta.<\/p>\n\n\n\n<p>El hecho ocurri\u00f3 la noche del s\u00e1bado pasado en el Infonavit, cerca de la iglesia del Sagrado Coraz\u00f3n de Jes\u00fas y de la estaci\u00f3n norte de Bomberos; los delincuentes se dieron a la fuga a bordo de un veh\u00edculo de motor.<\/p>\n","protected":false},"excerpt":{"rendered":"<p>Redacci\u00f3n\/Zona Roja. Oaxaca de Ju\u00e1rez, Oax., a 17 de julio de 2023.- Una mujer perdi\u00f3&hellip;<\/p>\n","protected":false},"author":2,"featured_media":7486,"comment_status":"closed","ping_status":"open","sticky":false,"template":"","format":"standard","meta":{"_lmt_disableupdate":"","_lmt_disable":"","_jetpack_memberships_contains_paid_content":false,"footnotes":""},"categories":[109,51],"tags":[148],"class_list":["post-57683","post","type-post","status-publish","format-standard","has-post-thumbnail","hentry","category-minuto-a-minuto","category-zona-roja","tag-oaxaca-de-juarez"],"jetpack_featured_media_url":"https:\/\/zonaroja.com.mx\/wp-content\/uploads\/2020\/01\/Escena-del-crimen7.jpg","jetpack_sharing_enabled":true,"_links":{"self":[{"href":"https:\/\/zonaroja.com.mx\/index.php?rest_route=\/wp\/v2\/posts\/57683","targetHints":{"allow":["GET"]}}],"collection":[{"href":"https:\/\/zonaroja.com.mx\/index.php?rest_route=\/wp\/v2\/posts"}],"about":[{"href":"https:\/\/zonaroja.com.mx\/index.php?rest_route=\/wp\/v2\/types\/post"}],"author":[{"embeddable":true,"href":"https:\/\/zonaroja.com.mx\/index.php?rest_route=\/wp\/v2\/users\/2"}],"replies":[{"embeddable":true,"href":"https:\/\/zonaroja.com.mx\/index.php?rest_route=%2Fwp%2Fv2%2Fcomments&post=57683"}],"version-history":[{"count":1,"href":"https:\/\/zonaroja.com.mx\/index.php?rest_route=\/wp\/v2\/posts\/57683\/revisions"}],"predecessor-version":[{"id":57684,"href":"https:\/\/zonaroja.com.mx\/index.php?rest_route=\/wp\/v2\/posts\/57683\/revisions\/57684"}],"wp:featuredmedia":[{"embeddable":true,"href":"https:\/\/zonaroja.com.mx\/index.php?rest_route=\/wp\/v2\/media\/7486"}],"wp:attachment":[{"href":"https:\/\/zonaroja.com.mx\/index.php?rest_route=%2Fwp%2Fv2%2Fmedia&parent=57683"}],"wp:term":[{"taxonomy":"category","embeddable":true,"href":"https:\/\/zonaroja.com.mx\/index.php?rest_route=%2Fwp%2Fv2%2Fcategories&post=57683"},{"taxonomy":"post_tag","embeddable":true,"href":"https:\/\/zonaroja.com.mx\/index.php?rest_route=%2Fwp%2Fv2%2Ftags&post=57683"}],"curies":[{"name":"wp","href":"https:\/\/api.w.org\/{rel}","templated":true}]}}